{"id":210010,"date":"2017-03-27T14:00:10","date_gmt":"2017-03-27T14:00:10","guid":{"rendered":"http:\/\/diariodominicano.ddns.net\/?p=210010"},"modified":"2017-03-27T14:00:10","modified_gmt":"2017-03-27T14:00:10","slug":"manchester-united-va-con-todo-por-neymar","status":"publish","type":"post","link":"https:\/\/diariodominicano.com\/?p=210010","title":{"rendered":"Manchester United va con todo por Neymar"},"content":{"rendered":"<p><body><\/p>\n<p><img decoding=\"async\" src=\"img3\/neymar.jpg\" \/>  <\/p>\n<\/p>\n<p><span class=\"text1noticias\">Madrid, 27 mar (PL) El Manchester United tiene a Neymar como su prioridad n\u00famero uno y est\u00e1 dispuesto a tirar la casa por la ventana para finiquitar la contrataci\u00f3n del futbolista brasile\u00f1o, afirman medios espa\u00f1oles.<\/span><\/p>\n<\/p>\n<p><span class=\"text1noticias\">Seg\u00fan el diario Sport, el pr\u00f3ximo verano los Diablos Rojos pagar\u00edan la cl\u00e1usula de rescisi\u00f3n del jugador del FC Barcelona, que asciende a 200 millones de euros.<\/span><\/p>\n<\/p>\n<p><span class=\"text1noticias\">Adem\u00e1s, a\u00f1ade el rotativo catal\u00e1n, el United ofrecer\u00eda 25 millones de euros netos por temporada para el internacional brasile\u00f1o, casi el doble del sueldo que le paga el Bar\u00e7a.<\/span><\/p>\n<\/p>\n<p><span class=\"text1noticias\">Asegura tambi\u00e9n que el gran valedor del fichaje es el entrenador de Old Trafford, el portugu\u00e9s Jos\u00e9 Mourinho, quien &#8216;habla directamente con el jugador brasile\u00f1o, para convencerle de dejar del FC Barcelona e irse al Manchester United&#8217;.<\/span><\/p>\n<\/p>\n<p><span class=\"text1noticias\">Neymar, un potencial ganador del Bal\u00f3n de Oro en el futuro cercano, tambi\u00e9n es objeto de deseo del Chelsea, aunque el club londinense nunca pagar\u00eda la cl\u00e1usula de rescisi\u00f3n al Barcelona para hacerse con sus servicios.<\/span><\/p>\n<\/p>\n<p><span class=\"text1noticias\">El extremo sudamericano, campe\u00f3n ol\u00edmpico en R\u00edo de Janeiro-2016, juega en el club azulgrana desde la temporada 2013-2014 cuando lleg\u00f3 procedente del Santos brasile\u00f1o.<\/span><\/p>\n<\/p>\n<p><span class=\"text1noticias\">Desde entonces conquist\u00f3 dos t\u00edtulos de la Liga Espa\u00f1ola y un cetro de la Champions, entre otros trofeos.<\/span><\/p>\n<h6> 2017-03-27 14:00:10 <\/h6>\n<p><!--\n<link rel=\"stylesheet\" href=\"css\/bootstrap.min.css\">\n\n\n<ul class=\"pagination\">\n\t    \n\t\n\n<li >\n\t<a href='?page_no=9255'>Previous<\/a>\n\t<\/li>\n\n\n       \n    \n\n<li><a href='?page_no=1'>1<\/a><\/li>\n\n\n\n<li><a href='?page_no=2'>2<\/a><\/li>\n\n\n\n<li><a>...<\/a><\/li>\n\n\n\n<li><a href='?page_no=9254'>9254<\/a><\/li>\n\n\n\n<li><a href='?page_no=9255'>9255<\/a><\/li>\n\n\n\n<li class='active'><a>9256<\/a><\/li>\n\n\n\n<li><a href='?page_no=9257'>9257<\/a><\/li>\n\n\n\n<li><a href='?page_no=9258'>9258<\/a><\/li>\n\n\n\n<li><a>...<\/a><\/li>\n\n\n\n<li><a href='?page_no=36618'>36618<\/a><\/li>\n\n\n\n<li><a href='?page_no=36619'>36619<\/a><\/li>\n\n    \n\t\n\n<li >\n\t<a href='?page_no=9257'>Next<\/a>\n\t<\/li>\n\n\n    \n\n<li><a href='?page_no=36619'>Last &rsaquo;&rsaquo;<\/a><\/li>\n\n<\/ul>\n\n\n--><br \/>\n<\/body><\/p>\n","protected":false},"excerpt":{"rendered":"<p>Madrid, 27 mar (PL) El Manchester United tiene a Neymar como su prioridad n\u00famero uno y est\u00e1 dispuesto a tirar la casa por la ventana para finiquitar la contrataci\u00f3n del futbolista brasile\u00f1o, afirman medios espa\u00f1oles. Seg\u00fan el diario Sport, el pr\u00f3ximo verano los Diablos Rojos pagar\u00edan la cl\u00e1usula de rescisi\u00f3n del jugador del FC Barcelona, [&hellip;]<\/p>\n","protected":false},"author":3,"featured_media":0,"comment_status":"open","ping_status":"open","sticky":false,"template":"","format":"standard","meta":{"footnotes":""},"categories":[17],"tags":[],"class_list":["post-210010","post","type-post","status-publish","format-standard","hentry","category-deportes"],"_links":{"self":[{"href":"https:\/\/diariodominicano.com\/index.php?rest_route=\/wp\/v2\/posts\/210010","targetHints":{"allow":["GET"]}}],"collection":[{"href":"https:\/\/diariodominicano.com\/index.php?rest_route=\/wp\/v2\/posts"}],"about":[{"href":"https:\/\/diariodominicano.com\/index.php?rest_route=\/wp\/v2\/types\/post"}],"author":[{"embeddable":true,"href":"https:\/\/diariodominicano.com\/index.php?rest_route=\/wp\/v2\/users\/3"}],"replies":[{"embeddable":true,"href":"https:\/\/diariodominicano.com\/index.php?rest_route=%2Fwp%2Fv2%2Fcomments&post=210010"}],"version-history":[{"count":0,"href":"https:\/\/diariodominicano.com\/index.php?rest_route=\/wp\/v2\/posts\/210010\/revisions"}],"wp:attachment":[{"href":"https:\/\/diariodominicano.com\/index.php?rest_route=%2Fwp%2Fv2%2Fmedia&parent=210010"}],"wp:term":[{"taxonomy":"category","embeddable":true,"href":"https:\/\/diariodominicano.com\/index.php?rest_route=%2Fwp%2Fv2%2Fcategories&post=210010"},{"taxonomy":"post_tag","embeddable":true,"href":"https:\/\/diariodominicano.com\/index.php?rest_route=%2Fwp%2Fv2%2Ftags&post=210010"}],"curies":[{"name":"wp","href":"https:\/\/api.w.org\/{rel}","templated":true}]}}