{"id":210008,"date":"2017-03-27T14:06:59","date_gmt":"2017-03-27T14:06:59","guid":{"rendered":"http:\/\/diariodominicano.ddns.net\/?p=210008"},"modified":"2017-03-27T14:06:59","modified_gmt":"2017-03-27T14:06:59","slug":"maradona-renuncia-como-embajador-de-la-fifa","status":"publish","type":"post","link":"https:\/\/diariodominicano.com\/?p=210008","title":{"rendered":"Maradona renuncia como embajador de la FIFA"},"content":{"rendered":"<p><body><\/p>\n<p><img decoding=\"async\" src=\"img3\/maradona-traje.jpg\" \/>  <\/p>\n<\/p>\n<p><span class=\"text1noticias\">Berna, 27 mar (PL) El astro argentino Diego Armando Maradona present\u00f3 su renuncia como embajador de la Federaci\u00f3n Internacional de F\u00fatbol (FIFA), por desacuerdos con la Asociaci\u00f3n del deporte en su pa\u00eds (AFA), refieren hoy varios medios de prensa.<\/span><\/p>\n<\/p>\n<p><span class=\"text1noticias\">Maradona anunci\u00f3 la semana pasada al presidente de la FIFA Gianni Infantino su decisi\u00f3n de no seguir en el puesto tras la designaci\u00f3n del presentador de televisi\u00f3n Marcelo Tinelli como titular de la Comisi\u00f3n de la AFA, a quien no considera id\u00f3neo para el puesto.<\/span><\/p>\n<\/p>\n<p><span class=\"text1noticias\">En su negativa, el tambi\u00e9n excapit\u00e1n y ext\u00e9cnico de la selecci\u00f3n albiceleste hab\u00eda referido al titular del \u00f3rgano rector del f\u00fatbol mundial que no entend\u00eda la designaci\u00f3n de Tinelli, &#8216;quien fracas\u00f3 en todo lo que expuso hasta ahora (&#8230;), quiero que se vaya&#8217;.<\/span><\/p>\n<\/p>\n<p><span class=\"text1noticias\">Asimismo, agreg\u00f3 que &#8216;ya le present\u00e9 la renuncia a Infantino. Yo trabaj\u00e9 para la FIFA en Corea (sorteo del Mundial sub-20) y Tinelli solo trabaj\u00f3 en Bailando (programa de televisi\u00f3n argentino). Cada uno a su rol y cada cual a su palo&#8217;, asever\u00f3 el Pibe de Oro.<\/span><\/p>\n<\/p>\n<p><span class=\"text1noticias\">La directiva de la FIFA confirmar\u00e1 en los pr\u00f3ximos d\u00edas la aceptaci\u00f3n de la decisi\u00f3n de Maradona.<\/span><\/p>\n<h6> 2017-03-27 14:06:59 <\/h6>\n<p><!--\n<link rel=\"stylesheet\" href=\"css\/bootstrap.min.css\">\n\n\n<ul class=\"pagination\">\n\t    \n\t\n\n<li >\n\t<a href='?page_no=9253'>Previous<\/a>\n\t<\/li>\n\n\n       \n    \n\n<li><a href='?page_no=1'>1<\/a><\/li>\n\n\n\n<li><a href='?page_no=2'>2<\/a><\/li>\n\n\n\n<li><a>...<\/a><\/li>\n\n\n\n<li><a href='?page_no=9252'>9252<\/a><\/li>\n\n\n\n<li><a href='?page_no=9253'>9253<\/a><\/li>\n\n\n\n<li class='active'><a>9254<\/a><\/li>\n\n\n\n<li><a href='?page_no=9255'>9255<\/a><\/li>\n\n\n\n<li><a href='?page_no=9256'>9256<\/a><\/li>\n\n\n\n<li><a>...<\/a><\/li>\n\n\n\n<li><a href='?page_no=36618'>36618<\/a><\/li>\n\n\n\n<li><a href='?page_no=36619'>36619<\/a><\/li>\n\n    \n\t\n\n<li >\n\t<a href='?page_no=9255'>Next<\/a>\n\t<\/li>\n\n\n    \n\n<li><a href='?page_no=36619'>Last &rsaquo;&rsaquo;<\/a><\/li>\n\n<\/ul>\n\n\n--><br \/>\n<\/body><\/p>\n","protected":false},"excerpt":{"rendered":"<p>Berna, 27 mar (PL) El astro argentino Diego Armando Maradona present\u00f3 su renuncia como embajador de la Federaci\u00f3n Internacional de F\u00fatbol (FIFA), por desacuerdos con la Asociaci\u00f3n del deporte en su pa\u00eds (AFA), refieren hoy varios medios de prensa. Maradona anunci\u00f3 la semana pasada al presidente de la FIFA Gianni Infantino su decisi\u00f3n de no [&hellip;]<\/p>\n","protected":false},"author":3,"featured_media":0,"comment_status":"open","ping_status":"open","sticky":false,"template":"","format":"standard","meta":{"footnotes":""},"categories":[17],"tags":[],"class_list":["post-210008","post","type-post","status-publish","format-standard","hentry","category-deportes"],"_links":{"self":[{"href":"https:\/\/diariodominicano.com\/index.php?rest_route=\/wp\/v2\/posts\/210008","targetHints":{"allow":["GET"]}}],"collection":[{"href":"https:\/\/diariodominicano.com\/index.php?rest_route=\/wp\/v2\/posts"}],"about":[{"href":"https:\/\/diariodominicano.com\/index.php?rest_route=\/wp\/v2\/types\/post"}],"author":[{"embeddable":true,"href":"https:\/\/diariodominicano.com\/index.php?rest_route=\/wp\/v2\/users\/3"}],"replies":[{"embeddable":true,"href":"https:\/\/diariodominicano.com\/index.php?rest_route=%2Fwp%2Fv2%2Fcomments&post=210008"}],"version-history":[{"count":0,"href":"https:\/\/diariodominicano.com\/index.php?rest_route=\/wp\/v2\/posts\/210008\/revisions"}],"wp:attachment":[{"href":"https:\/\/diariodominicano.com\/index.php?rest_route=%2Fwp%2Fv2%2Fmedia&parent=210008"}],"wp:term":[{"taxonomy":"category","embeddable":true,"href":"https:\/\/diariodominicano.com\/index.php?rest_route=%2Fwp%2Fv2%2Fcategories&post=210008"},{"taxonomy":"post_tag","embeddable":true,"href":"https:\/\/diariodominicano.com\/index.php?rest_route=%2Fwp%2Fv2%2Ftags&post=210008"}],"curies":[{"name":"wp","href":"https:\/\/api.w.org\/{rel}","templated":true}]}}