{"id":210004,"date":"2017-03-27T14:37:17","date_gmt":"2017-03-27T14:37:17","guid":{"rendered":"http:\/\/diariodominicano.ddns.net\/?p=210004"},"modified":"2017-03-27T14:37:17","modified_gmt":"2017-03-27T14:37:17","slug":"marco-estrada-abrira-en-el-dia-inaugural-por-los-azulejos","status":"publish","type":"post","link":"https:\/\/diariodominicano.com\/?p=210004","title":{"rendered":"Marco Estrada abrir\u00e1 en el D\u00eda Inaugural por los Azulejos"},"content":{"rendered":"<p><body><\/p>\n<p><img decoding=\"async\" src=\"img3\/estrada1280_98nvcnzv_jf6agoyj.jpg\" \/>  <\/p>\n<p>DUNEDIN, Florida, 27 de marzo &#8211; El mexicano Marco Estrada ser\u00e1 el abridor de los Azulejos el D\u00eda Inaugural cuando se enfrenten el 3 de abril ante los Orioles en Baltimore.<\/p>\n<\/p>\n<p>Estrada ser\u00e1 seguido en la rotaci\u00f3n por J.A. Happ, Marcus Stroman, el dominicano Francisco Liriano y Aaron S\u00e1nchez.<\/p>\n<p>Es la primera vez en la carrera de Estrada en la que lo nombran primer abridor de un equipo. El a\u00f1o pasado termin\u00f3 con marca de 9-9 y 3.48 de efectividad.<\/p>\n<p>Los Azulejos realmente han podido utilizar a cualquiera de sus abridores en el D\u00eda Inaugural, pero con este orden logran varios objetivos. Espacian a los dos zurdos de la rotaci\u00f3n y adem\u00e1s separan a S\u00e1nchez de Stroman, quien lanza muchos sinkers.<\/p>\n<p>Los abridores de los Azulejos lideraron a la Liga Americana la temporada pasada en innings (995.1), efectividad (3.64), promedio de bateo de los rivales (.236) y WHIP (1.22).<\/p>\n<h6> 2017-03-27 14:37:17 <\/h6>\n<p><!--\n<link rel=\"stylesheet\" href=\"css\/bootstrap.min.css\">\n\n\n<ul class=\"pagination\">\n\t    \n\t\n\n<li >\n\t<a href='?page_no=9249'>Previous<\/a>\n\t<\/li>\n\n\n       \n    \n\n<li><a href='?page_no=1'>1<\/a><\/li>\n\n\n\n<li><a href='?page_no=2'>2<\/a><\/li>\n\n\n\n<li><a>...<\/a><\/li>\n\n\n\n<li><a href='?page_no=9248'>9248<\/a><\/li>\n\n\n\n<li><a href='?page_no=9249'>9249<\/a><\/li>\n\n\n\n<li class='active'><a>9250<\/a><\/li>\n\n\n\n<li><a href='?page_no=9251'>9251<\/a><\/li>\n\n\n\n<li><a href='?page_no=9252'>9252<\/a><\/li>\n\n\n\n<li><a>...<\/a><\/li>\n\n\n\n<li><a href='?page_no=36618'>36618<\/a><\/li>\n\n\n\n<li><a href='?page_no=36619'>36619<\/a><\/li>\n\n    \n\t\n\n<li >\n\t<a href='?page_no=9251'>Next<\/a>\n\t<\/li>\n\n\n    \n\n<li><a href='?page_no=36619'>Last &rsaquo;&rsaquo;<\/a><\/li>\n\n<\/ul>\n\n\n--><br \/>\n<\/body><\/p>\n","protected":false},"excerpt":{"rendered":"<p>DUNEDIN, Florida, 27 de marzo &#8211; El mexicano Marco Estrada ser\u00e1 el abridor de los Azulejos el D\u00eda Inaugural cuando se enfrenten el 3 de abril ante los Orioles en Baltimore. Estrada ser\u00e1 seguido en la rotaci\u00f3n por J.A. Happ, Marcus Stroman, el dominicano Francisco Liriano y Aaron S\u00e1nchez. Es la primera vez en la [&hellip;]<\/p>\n","protected":false},"author":3,"featured_media":0,"comment_status":"open","ping_status":"open","sticky":false,"template":"","format":"standard","meta":{"footnotes":""},"categories":[17],"tags":[],"class_list":["post-210004","post","type-post","status-publish","format-standard","hentry","category-deportes"],"_links":{"self":[{"href":"https:\/\/diariodominicano.com\/index.php?rest_route=\/wp\/v2\/posts\/210004","targetHints":{"allow":["GET"]}}],"collection":[{"href":"https:\/\/diariodominicano.com\/index.php?rest_route=\/wp\/v2\/posts"}],"about":[{"href":"https:\/\/diariodominicano.com\/index.php?rest_route=\/wp\/v2\/types\/post"}],"author":[{"embeddable":true,"href":"https:\/\/diariodominicano.com\/index.php?rest_route=\/wp\/v2\/users\/3"}],"replies":[{"embeddable":true,"href":"https:\/\/diariodominicano.com\/index.php?rest_route=%2Fwp%2Fv2%2Fcomments&post=210004"}],"version-history":[{"count":0,"href":"https:\/\/diariodominicano.com\/index.php?rest_route=\/wp\/v2\/posts\/210004\/revisions"}],"wp:attachment":[{"href":"https:\/\/diariodominicano.com\/index.php?rest_route=%2Fwp%2Fv2%2Fmedia&parent=210004"}],"wp:term":[{"taxonomy":"category","embeddable":true,"href":"https:\/\/diariodominicano.com\/index.php?rest_route=%2Fwp%2Fv2%2Fcategories&post=210004"},{"taxonomy":"post_tag","embeddable":true,"href":"https:\/\/diariodominicano.com\/index.php?rest_route=%2Fwp%2Fv2%2Ftags&post=210004"}],"curies":[{"name":"wp","href":"https:\/\/api.w.org\/{rel}","templated":true}]}}