{"id":210001,"date":"2017-03-28T08:03:24","date_gmt":"2017-03-28T08:03:24","guid":{"rendered":"http:\/\/diariodominicano.ddns.net\/?p=210001"},"modified":"2017-03-28T08:03:24","modified_gmt":"2017-03-28T08:03:24","slug":"colon-garcia-y-dickey-seran-cruciales-en-la-reconstruccion-de-los-bravos","status":"publish","type":"post","link":"https:\/\/diariodominicano.com\/?p=210001","title":{"rendered":"Col\u00f3n, Garc\u00eda y Dickey ser\u00e1n cruciales en la reconstrucci\u00f3n de los Bravos"},"content":{"rendered":"<p><body><\/p>\n<p><img decoding=\"async\" src=\"img3\/colon.jpg\" \/>  <\/p>\n<p>LAKE BUENA VISTA, Florida, 28 de marzo.- Luego de operar con agresividad como \u00abvendedores\u00bb en el primer a\u00f1o de su reconstrucci\u00f3n en el 2015, los Bravos adquirieron buenas piezas en el 2016 al traer a Matt Kemp por el cubano H\u00e9ctor Olivera y luego invertir m\u00e1s de US$30 millones en la temporada muerta para reforzar su rotaci\u00f3n abridora con tres veteranos &#8212; el dominicano Bartolo Col\u00f3n, el mexicano Jaime Garc\u00eda y R.A. Dickey.<\/p>\n<\/p>\n<p>Aunque se encuentra apenas en su tercer a\u00f1o de una extensa reconstrucci\u00f3n que podr\u00eda rendir dividendos durante las pr\u00f3ximas campa\u00f1as, el equipo de Atlanta piensa que tiene la capacidad de superar las expectativas en el 2017 y posiblemente estar en la contienda por un boleto a la postemporada. La llegada de Kemp en agosto fue clave en el ascenso del equipo a finales de la temporada pasada y renov\u00f3 el optimismo que el conjunto ha tenido desde el inicio de estos Entrenamientos de Primavera.<\/p>\n<\/p>\n<p>Sin tomar en cuenta lo que pueda ocurrir antes de la fecha l\u00edmite de cambios en julio de este a\u00f1o, los Bravos no tienen previsto volver a ser \u00abvendedores\u00bb. Pero a la vez, no se encuentran en un punto del proceso de reconstrucci\u00f3n en el que est\u00e9n dispuestos a ceder valiosas fichas para realizar un canje de impacto por una pieza de la talla del colombiano Jos\u00e9 Quintana.<\/p>\n<\/p>\n<p>Esto no significa que Atlanta no vaya a monitorear de cerca lo que costar\u00eda adquirir a Quintana u a otro abridor de alto calibre bajo control contractual del equipo, pero por el momento, la gerencia luce estar m\u00e1s interesada en cultivar el talento en su brillante sistema de liga menor. Por ahora, vale la pena decir que los Bravos est\u00e1n a la espera de c\u00f3mo avanzar\u00e1 el mercado. Sus movimientos en el transcurso de los pr\u00f3ximos meses obviamente ser\u00e1n determinados por el \u00e9xito del equipo grande. Pero a la vez, con la meta de llegar lejos en el 2018, sus decisiones tambi\u00e9n estar\u00e1n basadas en el buen desempe\u00f1o de sus cotizados prospectos, que tienen el potencial de llegar a las Grandes Ligas el pr\u00f3ximo a\u00f1o.<\/p>\n<\/p>\n<p>Existe la gran posibilidad de que Ozzie Albies est\u00e9 listo para la Gran Carpa esta temporada y cuando llegue el momento, Atlanta deber\u00e1 decidir qu\u00e9 hacer con el intermedista Brandon Phillips. Tambi\u00e9n habr\u00e1 motivos para observar al zurdo Max Fried y al jardinero venezolano Ronald Acu\u00f1a para saber si ser\u00e1 realista contar con ellos en alg\u00fan momento del 2018.<\/p>\n<\/p>\n<p>Aunque los Bravos quieren ganar este a\u00f1o, tambi\u00e9n deben mantener su enfoque en el plan a largo plazo. No deben obstruirle el paso a Sean Newcomb, Aaron Blair ni Matt Wisler si en alg\u00fan momento demuestran que merecen un puesto en el grupo de abridores esta temporada. Sus respectivos desarrollos ser\u00e1n un gran factor en las decisiones sobre Col\u00f3n, Garc\u00eda y Dickey, cuyo historial de salud los har\u00eda fichas de cambio si tienen \u00e9xito en el arranque de esta campa\u00f1a.<\/p>\n<\/p>\n<h6> 2017-03-28 08:03:24 <\/h6>\n<p><!--\n<link rel=\"stylesheet\" href=\"css\/bootstrap.min.css\">\n\n\n<ul class=\"pagination\">\n\t    \n\t\n\n<li >\n\t<a href='?page_no=9247'>Previous<\/a>\n\t<\/li>\n\n\n       \n    \n\n<li><a href='?page_no=1'>1<\/a><\/li>\n\n\n\n<li><a href='?page_no=2'>2<\/a><\/li>\n\n\n\n<li><a>...<\/a><\/li>\n\n\n\n<li><a href='?page_no=9246'>9246<\/a><\/li>\n\n\n\n<li><a href='?page_no=9247'>9247<\/a><\/li>\n\n\n\n<li class='active'><a>9248<\/a><\/li>\n\n\n\n<li><a href='?page_no=9249'>9249<\/a><\/li>\n\n\n\n<li><a href='?page_no=9250'>9250<\/a><\/li>\n\n\n\n<li><a>...<\/a><\/li>\n\n\n\n<li><a href='?page_no=36618'>36618<\/a><\/li>\n\n\n\n<li><a href='?page_no=36619'>36619<\/a><\/li>\n\n    \n\t\n\n<li >\n\t<a href='?page_no=9249'>Next<\/a>\n\t<\/li>\n\n\n    \n\n<li><a href='?page_no=36619'>Last &rsaquo;&rsaquo;<\/a><\/li>\n\n<\/ul>\n\n\n--><br \/>\n<\/body><\/p>\n","protected":false},"excerpt":{"rendered":"<p>LAKE BUENA VISTA, Florida, 28 de marzo.- Luego de operar con agresividad como \u00abvendedores\u00bb en el primer a\u00f1o de su reconstrucci\u00f3n en el 2015, los Bravos adquirieron buenas piezas en el 2016 al traer a Matt Kemp por el cubano H\u00e9ctor Olivera y luego invertir m\u00e1s de US$30 millones en la temporada muerta para reforzar [&hellip;]<\/p>\n","protected":false},"author":3,"featured_media":0,"comment_status":"open","ping_status":"open","sticky":false,"template":"","format":"standard","meta":{"footnotes":""},"categories":[17],"tags":[],"class_list":["post-210001","post","type-post","status-publish","format-standard","hentry","category-deportes"],"_links":{"self":[{"href":"https:\/\/diariodominicano.com\/index.php?rest_route=\/wp\/v2\/posts\/210001","targetHints":{"allow":["GET"]}}],"collection":[{"href":"https:\/\/diariodominicano.com\/index.php?rest_route=\/wp\/v2\/posts"}],"about":[{"href":"https:\/\/diariodominicano.com\/index.php?rest_route=\/wp\/v2\/types\/post"}],"author":[{"embeddable":true,"href":"https:\/\/diariodominicano.com\/index.php?rest_route=\/wp\/v2\/users\/3"}],"replies":[{"embeddable":true,"href":"https:\/\/diariodominicano.com\/index.php?rest_route=%2Fwp%2Fv2%2Fcomments&post=210001"}],"version-history":[{"count":0,"href":"https:\/\/diariodominicano.com\/index.php?rest_route=\/wp\/v2\/posts\/210001\/revisions"}],"wp:attachment":[{"href":"https:\/\/diariodominicano.com\/index.php?rest_route=%2Fwp%2Fv2%2Fmedia&parent=210001"}],"wp:term":[{"taxonomy":"category","embeddable":true,"href":"https:\/\/diariodominicano.com\/index.php?rest_route=%2Fwp%2Fv2%2Fcategories&post=210001"},{"taxonomy":"post_tag","embeddable":true,"href":"https:\/\/diariodominicano.com\/index.php?rest_route=%2Fwp%2Fv2%2Ftags&post=210001"}],"curies":[{"name":"wp","href":"https:\/\/api.w.org\/{rel}","templated":true}]}}