{"id":210000,"date":"2017-03-28T13:28:57","date_gmt":"2017-03-28T13:28:57","guid":{"rendered":"http:\/\/diariodominicano.ddns.net\/?p=210000"},"modified":"2017-03-28T13:28:57","modified_gmt":"2017-03-28T13:28:57","slug":"fifa-podria-sancionar-a-messi-por-comportamiento-ante-chile","status":"publish","type":"post","link":"https:\/\/diariodominicano.com\/?p=210000","title":{"rendered":"FIFA podr\u00eda sancionar a Messi por comportamiento ante Chile"},"content":{"rendered":"<p><body><\/p>\n<p><img decoding=\"async\" src=\"img3\/Messi-Sancion.jpg\" \/>  <\/p>\n<p><span class=\"text1noticias\">Nyon, Suiza, 28 mar (PL) La Federaci\u00f3n Internacional de F\u00fatbol (FIFA) comunic\u00f3 hoy a la Asociaci\u00f3n Argentina de F\u00fatbol (AFA) que est\u00e1 estudiado la actitud del delantero Leo Messi en el partido ante Chile del pasado jueves.<\/span><\/p>\n<\/p>\n<p><span class=\"text1noticias\">Seg\u00fan se recoge en el informe de la FIFA, Messi podr\u00eda haber proferido &#8216;palabras injuriosas&#8217; contra uno de los \u00e1rbitros asistentes, en concreto el n\u00famero uno, las cuales no fueron recogidas en el acta del colegiado principal del partido de clasificaci\u00f3n mundialista.<\/span><\/p>\n<\/p>\n<p><span class=\"text1noticias\">La entidad futbol\u00edstica mundial a\u00f1ade que la v\u00edspera se &#8216;solicit\u00f3 informaci\u00f3n adicional al \u00e1rbitro, as\u00ed como a los tres asistentes&#8217; en relaci\u00f3n a dicho incidente, conjuntamente con v\u00eddeos para profundizar en la investigaci\u00f3n.<\/span><\/p>\n<\/p>\n<p><span class=\"text1noticias\">En el texto figuran las declaraciones adicionales de los cuatro colegiados, en las que dicen no haber escuchado &#8216;ning\u00fan lenguaje ofensivo de parte de Messi&#8217;.<\/span><\/p>\n<\/p>\n<p><span class=\"text1noticias\">Sin embargo, el asistente n\u00famero uno, el brasile\u00f1o Emerson Augusto do Carvalho, apunta que tras pitarse una falta al final del partido, vio como el atacante &#8216;se quejaba contra dicha falta levantando sus manos&#8217; y dici\u00e9ndole algo que en ese momento no entendi\u00f3.<\/span><\/p>\n<\/p>\n<p><span class=\"text1noticias\">Solamente despu\u00e9s, a trav\u00e9s de la prensa, entend\u00ed que se trataba de un insulto, a\u00f1ade el colegiado asistente.<\/span><\/p>\n<\/p>\n<p><span class=\"text1noticias\">La FIFA solicit\u00f3 a la AFA y al propio Messi que den su versi\u00f3n de lo acontecido, as\u00ed como puedan aportar cualquier &#8216;prueba que tengan en su poder&#8217; al respecto.<\/span><\/p>\n<\/p>\n<p><span class=\"text1noticias\">Se espera que el principal referente del plantel albiceleste juegue este lunes en Bolivia, en otro partido de clasificaci\u00f3n rumbo a Rusia-2018, pero corre el riesgo de ser sancionado por la FIFA.<\/span><\/p>\n<\/p>\n<h6> 2017-03-28 13:28:57 <\/h6>\n<p><!--\n<link rel=\"stylesheet\" href=\"css\/bootstrap.min.css\">\n\n\n<ul class=\"pagination\">\n\t    \n\t\n\n<li >\n\t<a href='?page_no=9246'>Previous<\/a>\n\t<\/li>\n\n\n       \n    \n\n<li><a href='?page_no=1'>1<\/a><\/li>\n\n\n\n<li><a href='?page_no=2'>2<\/a><\/li>\n\n\n\n<li><a>...<\/a><\/li>\n\n\n\n<li><a href='?page_no=9245'>9245<\/a><\/li>\n\n\n\n<li><a href='?page_no=9246'>9246<\/a><\/li>\n\n\n\n<li class='active'><a>9247<\/a><\/li>\n\n\n\n<li><a href='?page_no=9248'>9248<\/a><\/li>\n\n\n\n<li><a href='?page_no=9249'>9249<\/a><\/li>\n\n\n\n<li><a>...<\/a><\/li>\n\n\n\n<li><a href='?page_no=36618'>36618<\/a><\/li>\n\n\n\n<li><a href='?page_no=36619'>36619<\/a><\/li>\n\n    \n\t\n\n<li >\n\t<a href='?page_no=9248'>Next<\/a>\n\t<\/li>\n\n\n    \n\n<li><a href='?page_no=36619'>Last &rsaquo;&rsaquo;<\/a><\/li>\n\n<\/ul>\n\n\n--><br \/>\n<\/body><\/p>\n","protected":false},"excerpt":{"rendered":"<p>Nyon, Suiza, 28 mar (PL) La Federaci\u00f3n Internacional de F\u00fatbol (FIFA) comunic\u00f3 hoy a la Asociaci\u00f3n Argentina de F\u00fatbol (AFA) que est\u00e1 estudiado la actitud del delantero Leo Messi en el partido ante Chile del pasado jueves. Seg\u00fan se recoge en el informe de la FIFA, Messi podr\u00eda haber proferido &#8216;palabras injuriosas&#8217; contra uno de [&hellip;]<\/p>\n","protected":false},"author":3,"featured_media":0,"comment_status":"open","ping_status":"open","sticky":false,"template":"","format":"standard","meta":{"footnotes":""},"categories":[17],"tags":[],"class_list":["post-210000","post","type-post","status-publish","format-standard","hentry","category-deportes"],"_links":{"self":[{"href":"https:\/\/diariodominicano.com\/index.php?rest_route=\/wp\/v2\/posts\/210000","targetHints":{"allow":["GET"]}}],"collection":[{"href":"https:\/\/diariodominicano.com\/index.php?rest_route=\/wp\/v2\/posts"}],"about":[{"href":"https:\/\/diariodominicano.com\/index.php?rest_route=\/wp\/v2\/types\/post"}],"author":[{"embeddable":true,"href":"https:\/\/diariodominicano.com\/index.php?rest_route=\/wp\/v2\/users\/3"}],"replies":[{"embeddable":true,"href":"https:\/\/diariodominicano.com\/index.php?rest_route=%2Fwp%2Fv2%2Fcomments&post=210000"}],"version-history":[{"count":0,"href":"https:\/\/diariodominicano.com\/index.php?rest_route=\/wp\/v2\/posts\/210000\/revisions"}],"wp:attachment":[{"href":"https:\/\/diariodominicano.com\/index.php?rest_route=%2Fwp%2Fv2%2Fmedia&parent=210000"}],"wp:term":[{"taxonomy":"category","embeddable":true,"href":"https:\/\/diariodominicano.com\/index.php?rest_route=%2Fwp%2Fv2%2Fcategories&post=210000"},{"taxonomy":"post_tag","embeddable":true,"href":"https:\/\/diariodominicano.com\/index.php?rest_route=%2Fwp%2Fv2%2Ftags&post=210000"}],"curies":[{"name":"wp","href":"https:\/\/api.w.org\/{rel}","templated":true}]}}