{"id":209991,"date":"2017-03-29T08:19:17","date_gmt":"2017-03-29T08:19:17","guid":{"rendered":"http:\/\/diariodominicano.ddns.net\/?p=209991"},"modified":"2017-03-29T08:19:17","modified_gmt":"2017-03-29T08:19:17","slug":"erick-aybar-se-queda-con-el-puesto-de-campocorto-de-los-padres","status":"publish","type":"post","link":"https:\/\/diariodominicano.com\/?p=209991","title":{"rendered":"Erick Aybar se queda con el puesto de campocorto de los Padres"},"content":{"rendered":"<p><body><\/p>\n<p><img decoding=\"async\" src=\"img3\/Erick.jpg\" \/>  <\/p>\n<p>PEORIA, Arizona, 29 de marzo.- Los Padres oficializaron el martes los planes que tienen para el dominicano Erick Aybar: el veterano de 11 temporadas ha sido a\u00f1adido al roster de 40 jugadores y ser\u00e1 el campocorto del club para el D\u00eda Inaugural.<\/p>\n<\/p>\n<p>El estatus de Aybar en los Padres se hab\u00eda vuelto cada vez m\u00e1s claro en el transcurso del \u00faltimo mes, ya que el veterano se mostraba superior al venezolano Luis Sardi\u00f1as en la batalla por el puesto de torpedero regular.<\/p>\n<\/p>\n<p>\u00abVemos con buenos ojos muchos de los intangibles que aporta\u00bb, dijo el manager de los Padres, Andy Green. \u00abNos gusta su forma de jugar. Compiti\u00f3 muy bien en estos entrenamientos al momento de batear y ha sido ese estabilizador del campo corto que est\u00e1bamos buscando\u00bb.<\/p>\n<\/p>\n<p>Los Padres trajeron a Aybar a los entrenamientos como invitado con la promesa de que le dar\u00edan la oportunidad de luchar por el puesto titular. Bate\u00f3 .275\/.327\/.373 y jug\u00f3 una mejor defensiva.<\/p>\n<\/p>\n<p>En 126 juegos el a\u00f1o pasado con Atlanta y Detroit, Aybar bate\u00f3 .243\/.303\/.320. De por vida lleva promedio de .273 y fue convocado al Juego de Estrellas en el 2014 con los Angelinos. En el 2011 gan\u00f3 el \u00fanico Guante de Oro de su carrera.<\/p>\n<\/p>\n<p>La noticia de Aybar deja una interrogante alrededor de Sardi\u00f1as. El campocorto de 23 a\u00f1os no tiene m\u00e1s opciones de liga menor y bate\u00f3 .222\/.239\/.289 en la Liga del Cactus. Los Padres est\u00e1n viendo a Sardi\u00f1as como un posible utility y el venezolano ya ha jugado en el jard\u00edn izquierdo, adem\u00e1s de la intermedia y la antesala.<\/p>\n<h6> 2017-03-29 08:19:17 <\/h6>\n<p><!--\n<link rel=\"stylesheet\" href=\"css\/bootstrap.min.css\">\n\n\n<ul class=\"pagination\">\n\t    \n\t\n\n<li >\n\t<a href='?page_no=9238'>Previous<\/a>\n\t<\/li>\n\n\n       \n    \n\n<li><a href='?page_no=1'>1<\/a><\/li>\n\n\n\n<li><a href='?page_no=2'>2<\/a><\/li>\n\n\n\n<li><a>...<\/a><\/li>\n\n\n\n<li><a href='?page_no=9237'>9237<\/a><\/li>\n\n\n\n<li><a href='?page_no=9238'>9238<\/a><\/li>\n\n\n\n<li class='active'><a>9239<\/a><\/li>\n\n\n\n<li><a href='?page_no=9240'>9240<\/a><\/li>\n\n\n\n<li><a href='?page_no=9241'>9241<\/a><\/li>\n\n\n\n<li><a>...<\/a><\/li>\n\n\n\n<li><a href='?page_no=36618'>36618<\/a><\/li>\n\n\n\n<li><a href='?page_no=36619'>36619<\/a><\/li>\n\n    \n\t\n\n<li >\n\t<a href='?page_no=9240'>Next<\/a>\n\t<\/li>\n\n\n    \n\n<li><a href='?page_no=36619'>Last &rsaquo;&rsaquo;<\/a><\/li>\n\n<\/ul>\n\n\n--><br \/>\n<\/body><\/p>\n","protected":false},"excerpt":{"rendered":"<p>PEORIA, Arizona, 29 de marzo.- Los Padres oficializaron el martes los planes que tienen para el dominicano Erick Aybar: el veterano de 11 temporadas ha sido a\u00f1adido al roster de 40 jugadores y ser\u00e1 el campocorto del club para el D\u00eda Inaugural. El estatus de Aybar en los Padres se hab\u00eda vuelto cada vez m\u00e1s [&hellip;]<\/p>\n","protected":false},"author":3,"featured_media":0,"comment_status":"open","ping_status":"open","sticky":false,"template":"","format":"standard","meta":{"footnotes":""},"categories":[17],"tags":[],"class_list":["post-209991","post","type-post","status-publish","format-standard","hentry","category-deportes"],"_links":{"self":[{"href":"https:\/\/diariodominicano.com\/index.php?rest_route=\/wp\/v2\/posts\/209991","targetHints":{"allow":["GET"]}}],"collection":[{"href":"https:\/\/diariodominicano.com\/index.php?rest_route=\/wp\/v2\/posts"}],"about":[{"href":"https:\/\/diariodominicano.com\/index.php?rest_route=\/wp\/v2\/types\/post"}],"author":[{"embeddable":true,"href":"https:\/\/diariodominicano.com\/index.php?rest_route=\/wp\/v2\/users\/3"}],"replies":[{"embeddable":true,"href":"https:\/\/diariodominicano.com\/index.php?rest_route=%2Fwp%2Fv2%2Fcomments&post=209991"}],"version-history":[{"count":0,"href":"https:\/\/diariodominicano.com\/index.php?rest_route=\/wp\/v2\/posts\/209991\/revisions"}],"wp:attachment":[{"href":"https:\/\/diariodominicano.com\/index.php?rest_route=%2Fwp%2Fv2%2Fmedia&parent=209991"}],"wp:term":[{"taxonomy":"category","embeddable":true,"href":"https:\/\/diariodominicano.com\/index.php?rest_route=%2Fwp%2Fv2%2Fcategories&post=209991"},{"taxonomy":"post_tag","embeddable":true,"href":"https:\/\/diariodominicano.com\/index.php?rest_route=%2Fwp%2Fv2%2Ftags&post=209991"}],"curies":[{"name":"wp","href":"https:\/\/api.w.org\/{rel}","templated":true}]}}