{"id":209986,"date":"2017-03-29T13:58:15","date_gmt":"2017-03-29T13:58:15","guid":{"rendered":"http:\/\/diariodominicano.ddns.net\/?p=209986"},"modified":"2017-03-29T13:58:15","modified_gmt":"2017-03-29T13:58:15","slug":"noruego-kristoff-gana-segunda-etapa-de-la-panne","status":"publish","type":"post","link":"https:\/\/diariodominicano.com\/?p=209986","title":{"rendered":"Noruego Kristoff gana segunda etapa de La Panne"},"content":{"rendered":"<p><body><\/p>\n<p><img decoding=\"async\" src=\"img3\/AlexanderKristoff1.jpg\" \/>  <\/p>\n<\/p>\n<p><span class=\"text1noticias\">Bruselas, 29 mar (PL) El ciclista noruego Alexander Kristoff gan\u00f3 hoy la segunda etapa de la carrera Tres D\u00edas de la Panne, disputada sobre 192.9 kil\u00f3metros entre las localidades belgas de Zottegem y Koksijde. Kristoff fue el m\u00e1s r\u00e1pido dentro de un reducido pelot\u00f3n que entr\u00f3 junto a la meta, y se impuso en el esprint por delante del anfitri\u00f3n Edward Theuns y el alem\u00e1n Marcel Kittel.<\/span><\/p>\n<\/p>\n<p><span class=\"text1noticias\">En la general, el belga Philippe Gilbert mantuvo el jersey de l\u00edder con 50 segundos de ventaja sobre el austr\u00edaco Matthias Brandle y 1:07 minutos ante Kristoff.<\/span><\/p>\n<\/p>\n<p><span class=\"text1noticias\">Ma\u00f1ana finalizar\u00e1 la edici\u00f3n 41 de esta carrera con una doble sesi\u00f3n en De Panne, la primera en l\u00ednea con un recorrido de 118.5 kil\u00f3metros, y la segunda en la modalidad de contrarreloj individual, sobre 14.2 kil\u00f3metros.<\/span><\/p>\n<\/p>\n<p><span class=\"text1noticias\">Clasificaci\u00f3n de la etapa: <\/span><\/p>\n<\/p>\n<p><span class=\"text1noticias\">.1. Alexander Kristoff (NOR\/Katusha) 4 h 34:55 <\/span><\/p>\n<\/p>\n<p><span class=\"text1noticias\">.2. Edward Theuns (BEL\/Trek) m.t.<\/span><\/p>\n<\/p>\n<p><span class=\"text1noticias\">.3. Marcel Kittel (ALE\/Quick-Step) m.t.<\/span><\/p>\n<\/p>\n<p><span class=\"text1noticias\">.4. Pascal Ackermann (ALE\/Bora-Hansgrohe) m.t.<\/span><\/p>\n<\/p>\n<p><span class=\"text1noticias\">.5. Andrea Guardini (ITA\/UAE Abu Dhabi) m.t.<\/span><\/p>\n<\/p>\n<p><span class=\"text1noticias\">Clasificaci\u00f3n general: <\/span><\/p>\n<\/p>\n<p><span class=\"text1noticias\">.1. Philippe Gilbert (BEL\/Quick-Step) 9 h 13:18 <\/span><\/p>\n<\/p>\n<p><span class=\"text1noticias\">.2. Matthias Brandle (AUT\/Trek) a 0:50 <\/span><\/p>\n<\/p>\n<p><span class=\"text1noticias\">.3. Alexander Kristoff (NOR\/Katusha) a 1:07 <\/span><\/p>\n<\/p>\n<p><span class=\"text1noticias\">.4. Edward Theuns (BEL\/Trek) a 1:11 <\/span><\/p>\n<\/p>\n<p><span class=\"text1noticias\">.5. Pim Ligthart (HOL\/Roompot) a 1:15.<\/span><\/p>\n<h6> 2017-03-29 13:58:15 <\/h6>\n<p><!--\n<link rel=\"stylesheet\" href=\"css\/bootstrap.min.css\">\n\n\n<ul class=\"pagination\">\n\t    \n\t\n\n<li >\n\t<a href='?page_no=9233'>Previous<\/a>\n\t<\/li>\n\n\n       \n    \n\n<li><a href='?page_no=1'>1<\/a><\/li>\n\n\n\n<li><a href='?page_no=2'>2<\/a><\/li>\n\n\n\n<li><a>...<\/a><\/li>\n\n\n\n<li><a href='?page_no=9232'>9232<\/a><\/li>\n\n\n\n<li><a href='?page_no=9233'>9233<\/a><\/li>\n\n\n\n<li class='active'><a>9234<\/a><\/li>\n\n\n\n<li><a href='?page_no=9235'>9235<\/a><\/li>\n\n\n\n<li><a href='?page_no=9236'>9236<\/a><\/li>\n\n\n\n<li><a>...<\/a><\/li>\n\n\n\n<li><a href='?page_no=36618'>36618<\/a><\/li>\n\n\n\n<li><a href='?page_no=36619'>36619<\/a><\/li>\n\n    \n\t\n\n<li >\n\t<a href='?page_no=9235'>Next<\/a>\n\t<\/li>\n\n\n    \n\n<li><a href='?page_no=36619'>Last &rsaquo;&rsaquo;<\/a><\/li>\n\n<\/ul>\n\n\n--><br \/>\n<\/body><\/p>\n","protected":false},"excerpt":{"rendered":"<p>Bruselas, 29 mar (PL) El ciclista noruego Alexander Kristoff gan\u00f3 hoy la segunda etapa de la carrera Tres D\u00edas de la Panne, disputada sobre 192.9 kil\u00f3metros entre las localidades belgas de Zottegem y Koksijde. Kristoff fue el m\u00e1s r\u00e1pido dentro de un reducido pelot\u00f3n que entr\u00f3 junto a la meta, y se impuso en el [&hellip;]<\/p>\n","protected":false},"author":3,"featured_media":0,"comment_status":"open","ping_status":"open","sticky":false,"template":"","format":"standard","meta":{"footnotes":""},"categories":[17],"tags":[],"class_list":["post-209986","post","type-post","status-publish","format-standard","hentry","category-deportes"],"_links":{"self":[{"href":"https:\/\/diariodominicano.com\/index.php?rest_route=\/wp\/v2\/posts\/209986","targetHints":{"allow":["GET"]}}],"collection":[{"href":"https:\/\/diariodominicano.com\/index.php?rest_route=\/wp\/v2\/posts"}],"about":[{"href":"https:\/\/diariodominicano.com\/index.php?rest_route=\/wp\/v2\/types\/post"}],"author":[{"embeddable":true,"href":"https:\/\/diariodominicano.com\/index.php?rest_route=\/wp\/v2\/users\/3"}],"replies":[{"embeddable":true,"href":"https:\/\/diariodominicano.com\/index.php?rest_route=%2Fwp%2Fv2%2Fcomments&post=209986"}],"version-history":[{"count":0,"href":"https:\/\/diariodominicano.com\/index.php?rest_route=\/wp\/v2\/posts\/209986\/revisions"}],"wp:attachment":[{"href":"https:\/\/diariodominicano.com\/index.php?rest_route=%2Fwp%2Fv2%2Fmedia&parent=209986"}],"wp:term":[{"taxonomy":"category","embeddable":true,"href":"https:\/\/diariodominicano.com\/index.php?rest_route=%2Fwp%2Fv2%2Fcategories&post=209986"},{"taxonomy":"post_tag","embeddable":true,"href":"https:\/\/diariodominicano.com\/index.php?rest_route=%2Fwp%2Fv2%2Ftags&post=209986"}],"curies":[{"name":"wp","href":"https:\/\/api.w.org\/{rel}","templated":true}]}}