{"id":209984,"date":"2017-03-29T14:04:22","date_gmt":"2017-03-29T14:04:22","guid":{"rendered":"http:\/\/diariodominicano.ddns.net\/?p=209984"},"modified":"2017-03-29T14:04:22","modified_gmt":"2017-03-29T14:04:22","slug":"ronald-torreyes-comenzaria-el-2017-como-el-campocorto-de-los-yankees","status":"publish","type":"post","link":"https:\/\/diariodominicano.com\/?p=209984","title":{"rendered":"Ronald Torreyes comenzar\u00eda el 2017 como el campocorto de los Yankees"},"content":{"rendered":"<p><body><\/p>\n<p><img decoding=\"async\" src=\"img3\/torreyes1280_r0q94lj3_sguzj7eb.jpg\" \/>  <\/p>\n<\/p>\n<p>MLB, 29 de marzo, Los Yankees reasignaron al infielder Tyler Wade al campamento de ligas menores el mi\u00e9rcoles, una decisi\u00f3n que pareciese aclarar cu\u00e1les son los planes del club para la posici\u00f3n de campocorto en este inicio de temporada.<\/p>\n<\/p>\n<p>Wade, quien no est\u00e1 en el roster de 40, estaba en carrera para comenzar la campa\u00f1a como torpedero de los Yankees para el D\u00eda Inaugural debido a la lesi\u00f3n en un hombro de Didi Gregorius.<\/p>\n<p>El venezolano Ronald Torreyes, quien fue el utility de los Yankees la temporada pasada, parecer\u00eda ser ahora la opci\u00f3n m\u00e1s probable para empezar en el campo corto mientras Gregorius se recupere.<\/p>\n<p>Wade, de 22 a\u00f1os y considerado el 12do mejor prospecto de los Yankees, hab\u00eda tenido una fant\u00e1stica primavera, bateando .357 en 25 juegos de la Liga de la Toronja.<\/p>\n<h6> 2017-03-29 14:04:22 <\/h6>\n<p><!--\n<link rel=\"stylesheet\" href=\"css\/bootstrap.min.css\">\n\n\n<ul class=\"pagination\">\n\t    \n\t\n\n<li >\n\t<a href='?page_no=9231'>Previous<\/a>\n\t<\/li>\n\n\n       \n    \n\n<li><a href='?page_no=1'>1<\/a><\/li>\n\n\n\n<li><a href='?page_no=2'>2<\/a><\/li>\n\n\n\n<li><a>...<\/a><\/li>\n\n\n\n<li><a href='?page_no=9230'>9230<\/a><\/li>\n\n\n\n<li><a href='?page_no=9231'>9231<\/a><\/li>\n\n\n\n<li class='active'><a>9232<\/a><\/li>\n\n\n\n<li><a href='?page_no=9233'>9233<\/a><\/li>\n\n\n\n<li><a href='?page_no=9234'>9234<\/a><\/li>\n\n\n\n<li><a>...<\/a><\/li>\n\n\n\n<li><a href='?page_no=36618'>36618<\/a><\/li>\n\n\n\n<li><a href='?page_no=36619'>36619<\/a><\/li>\n\n    \n\t\n\n<li >\n\t<a href='?page_no=9233'>Next<\/a>\n\t<\/li>\n\n\n    \n\n<li><a href='?page_no=36619'>Last &rsaquo;&rsaquo;<\/a><\/li>\n\n<\/ul>\n\n\n--><br \/>\n<\/body><\/p>\n","protected":false},"excerpt":{"rendered":"<p>MLB, 29 de marzo, Los Yankees reasignaron al infielder Tyler Wade al campamento de ligas menores el mi\u00e9rcoles, una decisi\u00f3n que pareciese aclarar cu\u00e1les son los planes del club para la posici\u00f3n de campocorto en este inicio de temporada. Wade, quien no est\u00e1 en el roster de 40, estaba en carrera para comenzar la campa\u00f1a [&hellip;]<\/p>\n","protected":false},"author":3,"featured_media":0,"comment_status":"open","ping_status":"open","sticky":false,"template":"","format":"standard","meta":{"footnotes":""},"categories":[17],"tags":[],"class_list":["post-209984","post","type-post","status-publish","format-standard","hentry","category-deportes"],"_links":{"self":[{"href":"https:\/\/diariodominicano.com\/index.php?rest_route=\/wp\/v2\/posts\/209984","targetHints":{"allow":["GET"]}}],"collection":[{"href":"https:\/\/diariodominicano.com\/index.php?rest_route=\/wp\/v2\/posts"}],"about":[{"href":"https:\/\/diariodominicano.com\/index.php?rest_route=\/wp\/v2\/types\/post"}],"author":[{"embeddable":true,"href":"https:\/\/diariodominicano.com\/index.php?rest_route=\/wp\/v2\/users\/3"}],"replies":[{"embeddable":true,"href":"https:\/\/diariodominicano.com\/index.php?rest_route=%2Fwp%2Fv2%2Fcomments&post=209984"}],"version-history":[{"count":0,"href":"https:\/\/diariodominicano.com\/index.php?rest_route=\/wp\/v2\/posts\/209984\/revisions"}],"wp:attachment":[{"href":"https:\/\/diariodominicano.com\/index.php?rest_route=%2Fwp%2Fv2%2Fmedia&parent=209984"}],"wp:term":[{"taxonomy":"category","embeddable":true,"href":"https:\/\/diariodominicano.com\/index.php?rest_route=%2Fwp%2Fv2%2Fcategories&post=209984"},{"taxonomy":"post_tag","embeddable":true,"href":"https:\/\/diariodominicano.com\/index.php?rest_route=%2Fwp%2Fv2%2Ftags&post=209984"}],"curies":[{"name":"wp","href":"https:\/\/api.w.org\/{rel}","templated":true}]}}