{"id":209983,"date":"2017-03-29T14:08:29","date_gmt":"2017-03-29T14:08:29","guid":{"rendered":"http:\/\/diariodominicano.ddns.net\/?p=209983"},"modified":"2017-03-29T14:08:29","modified_gmt":"2017-03-29T14:08:29","slug":"colombiano-avila-vuelve-al-podio-en-tour-de-taiwan","status":"publish","type":"post","link":"https:\/\/diariodominicano.com\/?p=209983","title":{"rendered":"Colombiano \u00c1vila vuelve al podio en Tour de Taiw\u00e1n"},"content":{"rendered":"<p><body><\/p>\n<p><img decoding=\"async\" src=\"img3\/edwiAavila_tourtaiwan.jpg\" \/>  <\/p>\n<p><span class=\"text1noticias\">Taipei, 29 mar (PL) El ciclista colombiano Edwin \u00c1vila regres\u00f3 hoy al podio en el Tour de Taiw\u00e1n, y ahora marcha tercero en la general.<\/span><\/p>\n<\/p>\n<p><span class=\"text1noticias\">\u00c1vila encabez\u00f3 el grupo de seis velocistas que entraron primero tras el recorrido de 166.56 kil\u00f3metros entre las localidades de Mingjian y Xiang-Shan.<\/span><\/p>\n<\/p>\n<p><span class=\"text1noticias\">El suramericano aventaj\u00f3 en el esprint al espa\u00f1ol Benjam\u00ed Prades y al italiano Alan Marangoni, quienes completaron el estrado de premiaciones en esta cuarta etapa, todos con tiempo de 4:17.10 horas.<\/span><\/p>\n<\/p>\n<p><span class=\"text1noticias\">Es la segunda etapa ganada por \u00c1vila, actual l\u00edder en la regularidad, y a falta de una sola para que finalice la prueba tiene buenas sensaciones.<\/span><\/p>\n<\/p>\n<p><span class=\"text1noticias\">La general muestra ahora como puntero a Prades, con 11 segundos de ventaja sobre el belga Kevin de Jonge, y 14 por delante del de Colombia.<\/span><\/p>\n<\/p>\n<p><span class=\"text1noticias\">Ma\u00f1ana se disputar\u00e1 la \u00faltima etapa en la ciudad de Pingtung, en el extremo sur de la isla, en un recorrido de 198 kil\u00f3metros sin apenas desniveles.<\/span><\/p>\n<h6> 2017-03-29 14:08:29 <\/h6>\n<p><!--\n<link rel=\"stylesheet\" href=\"css\/bootstrap.min.css\">\n\n\n<ul class=\"pagination\">\n\t    \n\t\n\n<li >\n\t<a href='?page_no=9230'>Previous<\/a>\n\t<\/li>\n\n\n       \n    \n\n<li><a href='?page_no=1'>1<\/a><\/li>\n\n\n\n<li><a href='?page_no=2'>2<\/a><\/li>\n\n\n\n<li><a>...<\/a><\/li>\n\n\n\n<li><a href='?page_no=9229'>9229<\/a><\/li>\n\n\n\n<li><a href='?page_no=9230'>9230<\/a><\/li>\n\n\n\n<li class='active'><a>9231<\/a><\/li>\n\n\n\n<li><a href='?page_no=9232'>9232<\/a><\/li>\n\n\n\n<li><a href='?page_no=9233'>9233<\/a><\/li>\n\n\n\n<li><a>...<\/a><\/li>\n\n\n\n<li><a href='?page_no=36618'>36618<\/a><\/li>\n\n\n\n<li><a href='?page_no=36619'>36619<\/a><\/li>\n\n    \n\t\n\n<li >\n\t<a href='?page_no=9232'>Next<\/a>\n\t<\/li>\n\n\n    \n\n<li><a href='?page_no=36619'>Last &rsaquo;&rsaquo;<\/a><\/li>\n\n<\/ul>\n\n\n--><br \/>\n<\/body><\/p>\n","protected":false},"excerpt":{"rendered":"<p>Taipei, 29 mar (PL) El ciclista colombiano Edwin \u00c1vila regres\u00f3 hoy al podio en el Tour de Taiw\u00e1n, y ahora marcha tercero en la general. \u00c1vila encabez\u00f3 el grupo de seis velocistas que entraron primero tras el recorrido de 166.56 kil\u00f3metros entre las localidades de Mingjian y Xiang-Shan. El suramericano aventaj\u00f3 en el esprint al [&hellip;]<\/p>\n","protected":false},"author":3,"featured_media":0,"comment_status":"open","ping_status":"open","sticky":false,"template":"","format":"standard","meta":{"footnotes":""},"categories":[17],"tags":[],"class_list":["post-209983","post","type-post","status-publish","format-standard","hentry","category-deportes"],"_links":{"self":[{"href":"https:\/\/diariodominicano.com\/index.php?rest_route=\/wp\/v2\/posts\/209983","targetHints":{"allow":["GET"]}}],"collection":[{"href":"https:\/\/diariodominicano.com\/index.php?rest_route=\/wp\/v2\/posts"}],"about":[{"href":"https:\/\/diariodominicano.com\/index.php?rest_route=\/wp\/v2\/types\/post"}],"author":[{"embeddable":true,"href":"https:\/\/diariodominicano.com\/index.php?rest_route=\/wp\/v2\/users\/3"}],"replies":[{"embeddable":true,"href":"https:\/\/diariodominicano.com\/index.php?rest_route=%2Fwp%2Fv2%2Fcomments&post=209983"}],"version-history":[{"count":0,"href":"https:\/\/diariodominicano.com\/index.php?rest_route=\/wp\/v2\/posts\/209983\/revisions"}],"wp:attachment":[{"href":"https:\/\/diariodominicano.com\/index.php?rest_route=%2Fwp%2Fv2%2Fmedia&parent=209983"}],"wp:term":[{"taxonomy":"category","embeddable":true,"href":"https:\/\/diariodominicano.com\/index.php?rest_route=%2Fwp%2Fv2%2Fcategories&post=209983"},{"taxonomy":"post_tag","embeddable":true,"href":"https:\/\/diariodominicano.com\/index.php?rest_route=%2Fwp%2Fv2%2Ftags&post=209983"}],"curies":[{"name":"wp","href":"https:\/\/api.w.org\/{rel}","templated":true}]}}