{"id":209979,"date":"2017-03-30T08:01:33","date_gmt":"2017-03-30T08:01:33","guid":{"rendered":"http:\/\/diariodominicano.ddns.net\/?p=209979"},"modified":"2017-03-30T08:01:33","modified_gmt":"2017-03-30T08:01:33","slug":"steven-matz-no-estara-listo-para-comenzar-la-temporada-con-los-mets","status":"publish","type":"post","link":"https:\/\/diariodominicano.com\/?p=209979","title":{"rendered":"Steven Matz no estar\u00e1 listo para comenzar la temporada con los Mets"},"content":{"rendered":"<p><body><\/p>\n<p><img decoding=\"async\" src=\"img3\/matz.jpg\" \/>  <\/p>\n<p>PORT ST. LUCIE, Florida, 30 de marzo.- La \u00faltima oportunidad que ten\u00eda el abridor de los Mets, Steven Matz, para empezar la temporada con el equipo grande se evapor\u00f3 el mi\u00e9rcoles, cuando el zurdo se someti\u00f3 a una resonancia magn\u00e9tica para evaluar su adolorido codo izquierdo. <\/p>\n<\/p>\n<p>El manager Terry Collins dijo que no espera que Matz, quien ha lidiado con dolores en esa \u00e1rea durante la \u00faltima semana, est\u00e9 en el roster para el D\u00eda Inaugural.<\/p>\n<\/p>\n<p>\u00abTodav\u00eda siente algo all\u00ed\u00bb, dijo Collins. \u00abPensamos que era importante que lo revisasen\u00bb.<\/p>\n<\/p>\n<p>Matz, quien se quej\u00f3 por primera vez de dolor en el codo despu\u00e9s de su apertura del 22 de marzo ante los Marlins, hab\u00eda dicho primero que no ten\u00eda intenciones de hacerse pruebas. Pero cuando las molestias continuaron, los Mets decidieron que se hiciese la resonancia magn\u00e9tica el mi\u00e9rcoles.<\/p>\n<\/p>\n<p>Ante la ausencia de Matz, parece casi un hecho que Robert Gsellman se sume a la rotaci\u00f3n, probablemente como cuarto abridor. Eso dejar\u00eda un puesto abierto para tres candidatos: Seth Lugo, Zack Wheeler y el dominicano Rafael Montero.<\/p>\n<h6> 2017-03-30 08:01:33 <\/h6>\n<p><!--\n<link rel=\"stylesheet\" href=\"css\/bootstrap.min.css\">\n\n\n<ul class=\"pagination\">\n\t    \n\t\n\n<li >\n\t<a href='?page_no=9227'>Previous<\/a>\n\t<\/li>\n\n\n       \n    \n\n<li><a href='?page_no=1'>1<\/a><\/li>\n\n\n\n<li><a href='?page_no=2'>2<\/a><\/li>\n\n\n\n<li><a>...<\/a><\/li>\n\n\n\n<li><a href='?page_no=9226'>9226<\/a><\/li>\n\n\n\n<li><a href='?page_no=9227'>9227<\/a><\/li>\n\n\n\n<li class='active'><a>9228<\/a><\/li>\n\n\n\n<li><a href='?page_no=9229'>9229<\/a><\/li>\n\n\n\n<li><a href='?page_no=9230'>9230<\/a><\/li>\n\n\n\n<li><a>...<\/a><\/li>\n\n\n\n<li><a href='?page_no=36618'>36618<\/a><\/li>\n\n\n\n<li><a href='?page_no=36619'>36619<\/a><\/li>\n\n    \n\t\n\n<li >\n\t<a href='?page_no=9229'>Next<\/a>\n\t<\/li>\n\n\n    \n\n<li><a href='?page_no=36619'>Last &rsaquo;&rsaquo;<\/a><\/li>\n\n<\/ul>\n\n\n--><br \/>\n<\/body><\/p>\n","protected":false},"excerpt":{"rendered":"<p>PORT ST. LUCIE, Florida, 30 de marzo.- La \u00faltima oportunidad que ten\u00eda el abridor de los Mets, Steven Matz, para empezar la temporada con el equipo grande se evapor\u00f3 el mi\u00e9rcoles, cuando el zurdo se someti\u00f3 a una resonancia magn\u00e9tica para evaluar su adolorido codo izquierdo. El manager Terry Collins dijo que no espera que [&hellip;]<\/p>\n","protected":false},"author":3,"featured_media":0,"comment_status":"open","ping_status":"open","sticky":false,"template":"","format":"standard","meta":{"footnotes":""},"categories":[17],"tags":[],"class_list":["post-209979","post","type-post","status-publish","format-standard","hentry","category-deportes"],"_links":{"self":[{"href":"https:\/\/diariodominicano.com\/index.php?rest_route=\/wp\/v2\/posts\/209979","targetHints":{"allow":["GET"]}}],"collection":[{"href":"https:\/\/diariodominicano.com\/index.php?rest_route=\/wp\/v2\/posts"}],"about":[{"href":"https:\/\/diariodominicano.com\/index.php?rest_route=\/wp\/v2\/types\/post"}],"author":[{"embeddable":true,"href":"https:\/\/diariodominicano.com\/index.php?rest_route=\/wp\/v2\/users\/3"}],"replies":[{"embeddable":true,"href":"https:\/\/diariodominicano.com\/index.php?rest_route=%2Fwp%2Fv2%2Fcomments&post=209979"}],"version-history":[{"count":0,"href":"https:\/\/diariodominicano.com\/index.php?rest_route=\/wp\/v2\/posts\/209979\/revisions"}],"wp:attachment":[{"href":"https:\/\/diariodominicano.com\/index.php?rest_route=%2Fwp%2Fv2%2Fmedia&parent=209979"}],"wp:term":[{"taxonomy":"category","embeddable":true,"href":"https:\/\/diariodominicano.com\/index.php?rest_route=%2Fwp%2Fv2%2Fcategories&post=209979"},{"taxonomy":"post_tag","embeddable":true,"href":"https:\/\/diariodominicano.com\/index.php?rest_route=%2Fwp%2Fv2%2Ftags&post=209979"}],"curies":[{"name":"wp","href":"https:\/\/api.w.org\/{rel}","templated":true}]}}