{"id":209978,"date":"2017-03-30T14:02:17","date_gmt":"2017-03-30T14:02:17","guid":{"rendered":"http:\/\/diariodominicano.ddns.net\/?p=209978"},"modified":"2017-03-30T14:02:17","modified_gmt":"2017-03-30T14:02:17","slug":"habla-messi-y-niega-en-forma-terminante-haber-ofendido-al-arbitro","status":"publish","type":"post","link":"https:\/\/diariodominicano.com\/?p=209978","title":{"rendered":"Habla Messi y niega en forma terminante haber ofendido al \u00e1rbitro"},"content":{"rendered":"<p><body><\/p>\n<p><img decoding=\"async\" src=\"img3\/lionel-messi.jpg\" \/>  <\/p>\n<p><span class=\"text1noticias\">Buenos Aires, 30 mar (PL) Tras el revuelo causado por una sanci\u00f3n de la FIFA a Lionel Messi que muchos consideran exagerada, el astro del bal\u00f3n neg\u00f3 hoy en forma terminante haber ofendido a un \u00e1rbitro asistente.<\/span><\/p>\n<\/p>\n<p><span class=\"text1noticias\">&#8216;La pulga&#8217; fue sancionada hace dos d\u00edas y no podr\u00e1 jugar los cuatro pr\u00f3ximos partidos de las eliminatorias sudamericanas, adem\u00e1s de pagar una multa de 10 mil 100 d\u00f3lares por insultar a un r\u00e9feri en el juego contra Chile, disputado en el estadio Monumental de Buenos Aires el pasado 23 de marzo.<\/span><\/p>\n<\/p>\n<p><span class=\"text1noticias\">Seg\u00fan reflejan medios locales, Messi neg\u00f3 en su descargo ante la FIFA haber ofendido al \u00e1rbitro asistente y consider\u00f3 que su conducta &#8216;no encuadra dentro del C\u00f3digo Disciplinario&#8217; del organismo rector del f\u00fatbol mundial.<\/span><\/p>\n<\/p>\n<p><span class=\"text1noticias\">En un escrito enviado a esa entidad, el 10 afirm\u00f3 que sus palabras fueran dichas &#8216;al aire&#8217; y no a alguien espec\u00edfico.<\/span><\/p>\n<\/p>\n<p><span class=\"text1noticias\">&#8216;El asistente de nacionalidad brasile\u00f1a entend\u00eda perfectamente lo que dec\u00eda. A tal punto que conversamos de manera amigable, sin que en ning\u00fan momento mis dichos lo hayan ofendido o injuriado&#8217;, agreg\u00f3 el futbolista en su misiva.<\/span><\/p>\n<\/p>\n<p><span class=\"text1noticias\">La carta fue enviada el d\u00eda 27 de marzo y un d\u00eda despu\u00e9s se conoci\u00f3 la sanci\u00f3n.<\/span><\/p>\n<\/p>\n<p><span class=\"text1noticias\">&#8216;Jam\u00e1s fueron destinadas a su persona, sino que fueron dichos al aire, y desde ya pido disculpas por ello. Los videos que se acompa\u00f1an no demuestran que haya existido una ofensa&#8217;, agreg\u00f3 en la carta difundida por el diario Ol\u00e9, entre otros medios.<\/span><\/p>\n<\/p>\n<p><span class=\"text1noticias\">Messi ya regres\u00f3 a Barcelona y lo hizo en silencio, despu\u00e9s de no poder jugar el tope frente a Bolivia en La Paz.<\/span><\/p>\n<\/p>\n<p><span class=\"text1noticias\">En tanto la Asociaci\u00f3n de F\u00fatbol Argentina anunci\u00f3 que presentar\u00e1 su reclamo ma\u00f1ana ante la Comisi\u00f3n de Apelaciones de FIFA.<\/span><\/p>\n<\/p>\n<p><span class=\"text1noticias\">Mientras, el astro de todos los tiempos Diego Armando Maradona apunt\u00f3 en di\u00e1logo con La Oral Deportiva que hablar\u00e1 con Gianni Infantino, presidente de la FIFA. &#8216;Me parece que es terrible, dijo, cuatro fechas es much\u00edsimo&#8217;.<\/span><\/p>\n<\/p>\n<p><span class=\"text1noticias\">Adem\u00e1s se refiri\u00f3 a todo lo que representa el capit\u00e1n de la albiceleste para el f\u00fatbol argentino. &#8216;Su falta tambi\u00e9n es fundamental, Argentina con Messi es una cosa y sin Messi es otra&#8217;, manifest\u00f3.<\/span><\/p>\n<\/p>\n<h6> 2017-03-30 14:02:17 <\/h6>\n<p><!--\n<link rel=\"stylesheet\" href=\"css\/bootstrap.min.css\">\n\n\n<ul class=\"pagination\">\n\t    \n\t\n\n<li >\n\t<a href='?page_no=9226'>Previous<\/a>\n\t<\/li>\n\n\n       \n    \n\n<li><a href='?page_no=1'>1<\/a><\/li>\n\n\n\n<li><a href='?page_no=2'>2<\/a><\/li>\n\n\n\n<li><a>...<\/a><\/li>\n\n\n\n<li><a href='?page_no=9225'>9225<\/a><\/li>\n\n\n\n<li><a href='?page_no=9226'>9226<\/a><\/li>\n\n\n\n<li class='active'><a>9227<\/a><\/li>\n\n\n\n<li><a href='?page_no=9228'>9228<\/a><\/li>\n\n\n\n<li><a href='?page_no=9229'>9229<\/a><\/li>\n\n\n\n<li><a>...<\/a><\/li>\n\n\n\n<li><a href='?page_no=36618'>36618<\/a><\/li>\n\n\n\n<li><a href='?page_no=36619'>36619<\/a><\/li>\n\n    \n\t\n\n<li >\n\t<a href='?page_no=9228'>Next<\/a>\n\t<\/li>\n\n\n    \n\n<li><a href='?page_no=36619'>Last &rsaquo;&rsaquo;<\/a><\/li>\n\n<\/ul>\n\n\n--><br \/>\n<\/body><\/p>\n","protected":false},"excerpt":{"rendered":"<p>Buenos Aires, 30 mar (PL) Tras el revuelo causado por una sanci\u00f3n de la FIFA a Lionel Messi que muchos consideran exagerada, el astro del bal\u00f3n neg\u00f3 hoy en forma terminante haber ofendido a un \u00e1rbitro asistente. &#8216;La pulga&#8217; fue sancionada hace dos d\u00edas y no podr\u00e1 jugar los cuatro pr\u00f3ximos partidos de las eliminatorias [&hellip;]<\/p>\n","protected":false},"author":3,"featured_media":0,"comment_status":"open","ping_status":"open","sticky":false,"template":"","format":"standard","meta":{"footnotes":""},"categories":[17],"tags":[],"class_list":["post-209978","post","type-post","status-publish","format-standard","hentry","category-deportes"],"_links":{"self":[{"href":"https:\/\/diariodominicano.com\/index.php?rest_route=\/wp\/v2\/posts\/209978","targetHints":{"allow":["GET"]}}],"collection":[{"href":"https:\/\/diariodominicano.com\/index.php?rest_route=\/wp\/v2\/posts"}],"about":[{"href":"https:\/\/diariodominicano.com\/index.php?rest_route=\/wp\/v2\/types\/post"}],"author":[{"embeddable":true,"href":"https:\/\/diariodominicano.com\/index.php?rest_route=\/wp\/v2\/users\/3"}],"replies":[{"embeddable":true,"href":"https:\/\/diariodominicano.com\/index.php?rest_route=%2Fwp%2Fv2%2Fcomments&post=209978"}],"version-history":[{"count":0,"href":"https:\/\/diariodominicano.com\/index.php?rest_route=\/wp\/v2\/posts\/209978\/revisions"}],"wp:attachment":[{"href":"https:\/\/diariodominicano.com\/index.php?rest_route=%2Fwp%2Fv2%2Fmedia&parent=209978"}],"wp:term":[{"taxonomy":"category","embeddable":true,"href":"https:\/\/diariodominicano.com\/index.php?rest_route=%2Fwp%2Fv2%2Fcategories&post=209978"},{"taxonomy":"post_tag","embeddable":true,"href":"https:\/\/diariodominicano.com\/index.php?rest_route=%2Fwp%2Fv2%2Ftags&post=209978"}],"curies":[{"name":"wp","href":"https:\/\/api.w.org\/{rel}","templated":true}]}}