{"id":209977,"date":"2017-03-30T14:05:00","date_gmt":"2017-03-30T14:05:00","guid":{"rendered":"http:\/\/diariodominicano.ddns.net\/?p=209977"},"modified":"2017-03-30T14:05:00","modified_gmt":"2017-03-30T14:05:00","slug":"colombiano-edwin-avila-finaliza-segundo-en-tour-de-taiwan","status":"publish","type":"post","link":"https:\/\/diariodominicano.com\/?p=209977","title":{"rendered":"Colombiano Edwin \u00c1vila finaliza segundo en Tour de Taiw\u00e1n"},"content":{"rendered":"<p><body><\/p>\n<p><img decoding=\"async\" src=\"img3\/alwin.jpg\" \/>  <\/p>\n<p><span class=\"text1noticias\">Taipei, 30 mar (PL) El ciclista colombiano Edwin \u00c1vila finaliz\u00f3 hoy segundo en el podio final del Tour de Taiw\u00e1n, tras la conclusi\u00f3n de la quinta y \u00faltima etapa<\/span><\/p>\n<\/p>\n<p><span class=\"text1noticias\">\u00c1vila escolt\u00f3 al australiano Brenton Jones en el tramo de 198 kil\u00f3metros ubicado en la localidad costera de Pingtung, y as\u00ed logr\u00f3 avanzar un puesto en la general, pero no acaparar el liderato.<\/span><\/p>\n<\/p>\n<p><span class=\"text1noticias\">El cale\u00f1o, antiguo miembro del Team Colombia y con dos oros en mundiales de ciclismo en pista, se lleva al menos el liderato de la regularidad.<\/span><\/p>\n<\/p>\n<p><span class=\"text1noticias\">Primero en la general cerr\u00f3 el espa\u00f1ol Benjam\u00ed Prades, del equipo japon\u00e9s Ukyo, quien se coron\u00f3 campe\u00f3n de la prueba pese a entrar hoy en el puesto 41, pero con el mismo tiempo de todo el pelot\u00f3n de vanguardia: 4:41.23 horas.<\/span><\/p>\n<\/p>\n<p><span class=\"text1noticias\">En la clasificaci\u00f3n final, Prades aventaj\u00f3 en ocho segundos al suramericano, y el belga Kevin De Jonghe ocup\u00f3 el tercer pelda\u00f1o del podio, a 11 segundos del maillot amarillo.<\/span><\/p>\n<\/p>\n<p><span class=\"text1noticias\">El colombiano Mauricio Ortega tambi\u00e9n finaliz\u00f3 entre los 10 primeros, al concluir como sexto clasificado, a 41 segundos del puntero<\/span>.<\/p>\n<h6> 2017-03-30 14:05:00 <\/h6>\n<p><!--\n<link rel=\"stylesheet\" href=\"css\/bootstrap.min.css\">\n\n\n<ul class=\"pagination\">\n\t    \n\t\n\n<li >\n\t<a href='?page_no=9225'>Previous<\/a>\n\t<\/li>\n\n\n       \n    \n\n<li><a href='?page_no=1'>1<\/a><\/li>\n\n\n\n<li><a href='?page_no=2'>2<\/a><\/li>\n\n\n\n<li><a>...<\/a><\/li>\n\n\n\n<li><a href='?page_no=9224'>9224<\/a><\/li>\n\n\n\n<li><a href='?page_no=9225'>9225<\/a><\/li>\n\n\n\n<li class='active'><a>9226<\/a><\/li>\n\n\n\n<li><a href='?page_no=9227'>9227<\/a><\/li>\n\n\n\n<li><a href='?page_no=9228'>9228<\/a><\/li>\n\n\n\n<li><a>...<\/a><\/li>\n\n\n\n<li><a href='?page_no=36618'>36618<\/a><\/li>\n\n\n\n<li><a href='?page_no=36619'>36619<\/a><\/li>\n\n    \n\t\n\n<li >\n\t<a href='?page_no=9227'>Next<\/a>\n\t<\/li>\n\n\n    \n\n<li><a href='?page_no=36619'>Last &rsaquo;&rsaquo;<\/a><\/li>\n\n<\/ul>\n\n\n--><br \/>\n<\/body><\/p>\n","protected":false},"excerpt":{"rendered":"<p>Taipei, 30 mar (PL) El ciclista colombiano Edwin \u00c1vila finaliz\u00f3 hoy segundo en el podio final del Tour de Taiw\u00e1n, tras la conclusi\u00f3n de la quinta y \u00faltima etapa \u00c1vila escolt\u00f3 al australiano Brenton Jones en el tramo de 198 kil\u00f3metros ubicado en la localidad costera de Pingtung, y as\u00ed logr\u00f3 avanzar un puesto en [&hellip;]<\/p>\n","protected":false},"author":3,"featured_media":0,"comment_status":"open","ping_status":"open","sticky":false,"template":"","format":"standard","meta":{"footnotes":""},"categories":[17],"tags":[],"class_list":["post-209977","post","type-post","status-publish","format-standard","hentry","category-deportes"],"_links":{"self":[{"href":"https:\/\/diariodominicano.com\/index.php?rest_route=\/wp\/v2\/posts\/209977","targetHints":{"allow":["GET"]}}],"collection":[{"href":"https:\/\/diariodominicano.com\/index.php?rest_route=\/wp\/v2\/posts"}],"about":[{"href":"https:\/\/diariodominicano.com\/index.php?rest_route=\/wp\/v2\/types\/post"}],"author":[{"embeddable":true,"href":"https:\/\/diariodominicano.com\/index.php?rest_route=\/wp\/v2\/users\/3"}],"replies":[{"embeddable":true,"href":"https:\/\/diariodominicano.com\/index.php?rest_route=%2Fwp%2Fv2%2Fcomments&post=209977"}],"version-history":[{"count":0,"href":"https:\/\/diariodominicano.com\/index.php?rest_route=\/wp\/v2\/posts\/209977\/revisions"}],"wp:attachment":[{"href":"https:\/\/diariodominicano.com\/index.php?rest_route=%2Fwp%2Fv2%2Fmedia&parent=209977"}],"wp:term":[{"taxonomy":"category","embeddable":true,"href":"https:\/\/diariodominicano.com\/index.php?rest_route=%2Fwp%2Fv2%2Fcategories&post=209977"},{"taxonomy":"post_tag","embeddable":true,"href":"https:\/\/diariodominicano.com\/index.php?rest_route=%2Fwp%2Fv2%2Ftags&post=209977"}],"curies":[{"name":"wp","href":"https:\/\/api.w.org\/{rel}","templated":true}]}}