{"id":209973,"date":"2017-03-30T14:15:51","date_gmt":"2017-03-30T14:15:51","guid":{"rendered":"http:\/\/diariodominicano.ddns.net\/?p=209973"},"modified":"2017-03-30T14:15:51","modified_gmt":"2017-03-30T14:15:51","slug":"los-mellizos-nombraron-a-adalberto-mejia-como-su-5to-abridor","status":"publish","type":"post","link":"https:\/\/diariodominicano.com\/?p=209973","title":{"rendered":"Los Mellizos nombraron a Adalberto Mej\u00eda como su 5to abridor"},"content":{"rendered":"<p><body><\/p>\n<p><img decoding=\"async\" src=\"img3\/alberto.jpg\" \/>  <\/p>\n<\/p>\n<p>MLB, 30 de marzo, -Los Mellizos hicieron varios movimientos en su roster el jueves, entre ellos la designaci\u00f3n del zurdo dominicano Adalberto Mej\u00eda como su quinto abridor.<\/p>\n<\/p>\n<p>Mej\u00eda super\u00f3 al diestro Tyler Duffey en la lucha por el \u00faltimo lugar en la rotaci\u00f3n tras registrar efectividad de 1.88 en seis presentaciones (una apertura) esta primavera. Duffey comenzar\u00e1 la campa\u00f1a como parte del bullpen de Minnesota.<\/p>\n<p>Los Mellizos tambi\u00e9n reasignaron a ByungHo Park al campo de entrenamientos de liga menor, enviaron al c\u00e1tcher John Ryan Murphy a Triple-A Rochester y reasignaron a J.B. Shuck, al cubano Eddy Rodr\u00edguez, al puertorrique\u00f1o Benji Gonz\u00e1lez y a Matt Hague. Adem\u00e1s, reasignaron a Ben Paulsen a los entrenamientos primaverales de liga menor.<\/p>\n<p>Minnesota tambi\u00e9n coloc\u00f3 al infielder venezolano Ehire Adrianza y al zurdo Ryan O&#8217;Rourke en la lista de lesionados de 10 d\u00edas.<\/p>\n<h6> 2017-03-30 14:15:51 <\/h6>\n<p><!--\n<link rel=\"stylesheet\" href=\"css\/bootstrap.min.css\">\n\n\n<ul class=\"pagination\">\n\t    \n\t\n\n<li >\n\t<a href='?page_no=9221'>Previous<\/a>\n\t<\/li>\n\n\n       \n    \n\n<li><a href='?page_no=1'>1<\/a><\/li>\n\n\n\n<li><a href='?page_no=2'>2<\/a><\/li>\n\n\n\n<li><a>...<\/a><\/li>\n\n\n\n<li><a href='?page_no=9220'>9220<\/a><\/li>\n\n\n\n<li><a href='?page_no=9221'>9221<\/a><\/li>\n\n\n\n<li class='active'><a>9222<\/a><\/li>\n\n\n\n<li><a href='?page_no=9223'>9223<\/a><\/li>\n\n\n\n<li><a href='?page_no=9224'>9224<\/a><\/li>\n\n\n\n<li><a>...<\/a><\/li>\n\n\n\n<li><a href='?page_no=36618'>36618<\/a><\/li>\n\n\n\n<li><a href='?page_no=36619'>36619<\/a><\/li>\n\n    \n\t\n\n<li >\n\t<a href='?page_no=9223'>Next<\/a>\n\t<\/li>\n\n\n    \n\n<li><a href='?page_no=36619'>Last &rsaquo;&rsaquo;<\/a><\/li>\n\n<\/ul>\n\n\n--><br \/>\n<\/body><\/p>\n","protected":false},"excerpt":{"rendered":"<p>MLB, 30 de marzo, -Los Mellizos hicieron varios movimientos en su roster el jueves, entre ellos la designaci\u00f3n del zurdo dominicano Adalberto Mej\u00eda como su quinto abridor. Mej\u00eda super\u00f3 al diestro Tyler Duffey en la lucha por el \u00faltimo lugar en la rotaci\u00f3n tras registrar efectividad de 1.88 en seis presentaciones (una apertura) esta primavera. [&hellip;]<\/p>\n","protected":false},"author":3,"featured_media":0,"comment_status":"open","ping_status":"open","sticky":false,"template":"","format":"standard","meta":{"footnotes":""},"categories":[17],"tags":[],"class_list":["post-209973","post","type-post","status-publish","format-standard","hentry","category-deportes"],"_links":{"self":[{"href":"https:\/\/diariodominicano.com\/index.php?rest_route=\/wp\/v2\/posts\/209973","targetHints":{"allow":["GET"]}}],"collection":[{"href":"https:\/\/diariodominicano.com\/index.php?rest_route=\/wp\/v2\/posts"}],"about":[{"href":"https:\/\/diariodominicano.com\/index.php?rest_route=\/wp\/v2\/types\/post"}],"author":[{"embeddable":true,"href":"https:\/\/diariodominicano.com\/index.php?rest_route=\/wp\/v2\/users\/3"}],"replies":[{"embeddable":true,"href":"https:\/\/diariodominicano.com\/index.php?rest_route=%2Fwp%2Fv2%2Fcomments&post=209973"}],"version-history":[{"count":0,"href":"https:\/\/diariodominicano.com\/index.php?rest_route=\/wp\/v2\/posts\/209973\/revisions"}],"wp:attachment":[{"href":"https:\/\/diariodominicano.com\/index.php?rest_route=%2Fwp%2Fv2%2Fmedia&parent=209973"}],"wp:term":[{"taxonomy":"category","embeddable":true,"href":"https:\/\/diariodominicano.com\/index.php?rest_route=%2Fwp%2Fv2%2Fcategories&post=209973"},{"taxonomy":"post_tag","embeddable":true,"href":"https:\/\/diariodominicano.com\/index.php?rest_route=%2Fwp%2Fv2%2Ftags&post=209973"}],"curies":[{"name":"wp","href":"https:\/\/api.w.org\/{rel}","templated":true}]}}