{"id":209967,"date":"2017-03-31T13:32:26","date_gmt":"2017-03-31T13:32:26","guid":{"rendered":"http:\/\/diariodominicano.ddns.net\/?p=209967"},"modified":"2017-03-31T13:32:26","modified_gmt":"2017-03-31T13:32:26","slug":"barcelona-ya-cuenta-con-su-tridente-latino","status":"publish","type":"post","link":"https:\/\/diariodominicano.com\/?p=209967","title":{"rendered":"Barcelona ya cuenta con su tridente latino&#13;"},"content":{"rendered":"<p><body><\/p>\n<p><img decoding=\"async\" src=\"img3\/MSN.jpg\" \/>  <\/p>\n<\/p>\n<p> Barcelona, Espa\u00f1a, 31 mar (PL) El tridente latino del club espa\u00f1ol Barcelona se reincorpor\u00f3 hoy a los entrenamientos del equipo.<\/p>\n<\/p>\n<p>El argentino Leo Messi, el brasile\u00f1o Neymar Jr. y el uruguayo Luis Su\u00e1rez ya se pusieron a disposici\u00f3n del t\u00e9cnico Luis Enrique, que prepara el partido del pr\u00f3ximo domingo ante el Granada.<\/p>\n<\/p>\n<p>Messi lleg\u00f3 la v\u00edspera a Barcelona, pero no particip\u00f3 en la sesi\u00f3n de entrenamiento, y hoy s\u00ed se ha ejercitado, como tambi\u00e9n Su\u00e1rez y Neymar, los \u00faltimos de incorporarse tras la fecha FIFA.<\/p>\n<\/p>\n<p>De los tres, solamente Neymar tuvo acci\u00f3n en la doble fecha, en ambos casos con protagonismo en las victorias de Brasil, primer clasificado de Suram\u00e9rica al Mundial de Rusia-2018.<\/p>\n<\/p>\n<p>Su\u00e1rez no pudo participar en el choque ante Brasil por acumulaci\u00f3n de tarjetas, pero s\u00ed lo hizo en el segundo ante Per\u00fa, y Messi marc\u00f3 el tanto del triunfo ante Chile, pero luego no aline\u00f3 en la derrota ante Bolivia.<\/p>\n<h6> 2017-03-31 13:32:26 <\/h6>\n<p><!--\n<link rel=\"stylesheet\" href=\"css\/bootstrap.min.css\">\n\n\n<ul class=\"pagination\">\n\t    \n\t\n\n<li >\n\t<a href='?page_no=9216'>Previous<\/a>\n\t<\/li>\n\n\n       \n    \n\n<li><a href='?page_no=1'>1<\/a><\/li>\n\n\n\n<li><a href='?page_no=2'>2<\/a><\/li>\n\n\n\n<li><a>...<\/a><\/li>\n\n\n\n<li><a href='?page_no=9215'>9215<\/a><\/li>\n\n\n\n<li><a href='?page_no=9216'>9216<\/a><\/li>\n\n\n\n<li class='active'><a>9217<\/a><\/li>\n\n\n\n<li><a href='?page_no=9218'>9218<\/a><\/li>\n\n\n\n<li><a href='?page_no=9219'>9219<\/a><\/li>\n\n\n\n<li><a>...<\/a><\/li>\n\n\n\n<li><a href='?page_no=36618'>36618<\/a><\/li>\n\n\n\n<li><a href='?page_no=36619'>36619<\/a><\/li>\n\n    \n\t\n\n<li >\n\t<a href='?page_no=9218'>Next<\/a>\n\t<\/li>\n\n\n    \n\n<li><a href='?page_no=36619'>Last &rsaquo;&rsaquo;<\/a><\/li>\n\n<\/ul>\n\n\n--><br \/>\n<\/body><\/p>\n","protected":false},"excerpt":{"rendered":"<p>Barcelona, Espa\u00f1a, 31 mar (PL) El tridente latino del club espa\u00f1ol Barcelona se reincorpor\u00f3 hoy a los entrenamientos del equipo. El argentino Leo Messi, el brasile\u00f1o Neymar Jr. y el uruguayo Luis Su\u00e1rez ya se pusieron a disposici\u00f3n del t\u00e9cnico Luis Enrique, que prepara el partido del pr\u00f3ximo domingo ante el Granada. Messi lleg\u00f3 la [&hellip;]<\/p>\n","protected":false},"author":3,"featured_media":0,"comment_status":"open","ping_status":"open","sticky":false,"template":"","format":"standard","meta":{"footnotes":""},"categories":[17],"tags":[],"class_list":["post-209967","post","type-post","status-publish","format-standard","hentry","category-deportes"],"_links":{"self":[{"href":"https:\/\/diariodominicano.com\/index.php?rest_route=\/wp\/v2\/posts\/209967","targetHints":{"allow":["GET"]}}],"collection":[{"href":"https:\/\/diariodominicano.com\/index.php?rest_route=\/wp\/v2\/posts"}],"about":[{"href":"https:\/\/diariodominicano.com\/index.php?rest_route=\/wp\/v2\/types\/post"}],"author":[{"embeddable":true,"href":"https:\/\/diariodominicano.com\/index.php?rest_route=\/wp\/v2\/users\/3"}],"replies":[{"embeddable":true,"href":"https:\/\/diariodominicano.com\/index.php?rest_route=%2Fwp%2Fv2%2Fcomments&post=209967"}],"version-history":[{"count":0,"href":"https:\/\/diariodominicano.com\/index.php?rest_route=\/wp\/v2\/posts\/209967\/revisions"}],"wp:attachment":[{"href":"https:\/\/diariodominicano.com\/index.php?rest_route=%2Fwp%2Fv2%2Fmedia&parent=209967"}],"wp:term":[{"taxonomy":"category","embeddable":true,"href":"https:\/\/diariodominicano.com\/index.php?rest_route=%2Fwp%2Fv2%2Fcategories&post=209967"},{"taxonomy":"post_tag","embeddable":true,"href":"https:\/\/diariodominicano.com\/index.php?rest_route=%2Fwp%2Fv2%2Ftags&post=209967"}],"curies":[{"name":"wp","href":"https:\/\/api.w.org\/{rel}","templated":true}]}}