{"id":209962,"date":"2017-03-31T13:50:24","date_gmt":"2017-03-31T13:50:24","guid":{"rendered":"http:\/\/diariodominicano.ddns.net\/?p=209962"},"modified":"2017-03-31T13:50:24","modified_gmt":"2017-03-31T13:50:24","slug":"federer-y-nadal-en-pos-de-la-final-en-miami","status":"publish","type":"post","link":"https:\/\/diariodominicano.com\/?p=209962","title":{"rendered":"Federer y Nadal en pos de la final en Miami"},"content":{"rendered":"<p><body><\/p>\n<p><img decoding=\"async\" src=\"img3\/federer-miami.jpg\" \/>  <\/p>\n<p>Miami, EE.UU, 31 mar (PL) El suizo Roger Federer y el espa\u00f1ol Rafael Nadal buscar\u00e1n hoy su pase a la final del Abierto de tenis de Miami, segundo Masters 1000 de la temporada.<\/p>\n<\/p>\n<p>Federer sufri\u00f3 la v\u00edspera ante el checo Tomas Berdych, que dispuso de dos bolas de partido en el desempate del tercer set (4-6), pero el de Suiza logr\u00f3 cuatro puntos seguidos para pasar a semis.<\/p>\n<\/p>\n<p>El campe\u00f3n en Miami en 2005 y 2006 super\u00f3 a Berdych en el primer set por un claro 6-2 tras romperle el servicio en el primer y s\u00e9ptimo juegos, pero en el segundo cay\u00f3 3-6 y debi\u00f3 imponerse 7-6 (8\/6) en el tercero.<\/p>\n<\/p>\n<p>Ahora su rival ser\u00e1 el australiano Nick Kyrgios, quien elimin\u00f3 6-4, 7-6 (11\/9) y 6-3 al alem\u00e1n Alexander Zverev y ya le gan\u00f3 una vez al helv\u00e9tico, en el Masters 1000 de Madrid en 2015.<\/p>\n<\/p>\n<p>Por su parte, Nadal se enfrentar\u00e1 al italiano Fabio Fognini, cruce que hab\u00eda quedado definido hace dos d\u00edas.<\/p>\n<\/p>\n<p>En el cuadro femenino se clasificaron a la final la danesa Caroline Wozniacki y la brit\u00e1nica Johanna Konta, tras imponerse a la checa Karolina Pliskova y la local Venus Williams, respectivamente.<\/p>\n<\/p>\n<p>Para las damas, el duelo por el trono no ser\u00e1 hoy, sino ma\u00f1ana.<\/p>\n<h6> 2017-03-31 13:50:24 <\/h6>\n<p><!--\n<link rel=\"stylesheet\" href=\"css\/bootstrap.min.css\">\n\n\n<ul class=\"pagination\">\n\t    \n\t\n\n<li >\n\t<a href='?page_no=9211'>Previous<\/a>\n\t<\/li>\n\n\n       \n    \n\n<li><a href='?page_no=1'>1<\/a><\/li>\n\n\n\n<li><a href='?page_no=2'>2<\/a><\/li>\n\n\n\n<li><a>...<\/a><\/li>\n\n\n\n<li><a href='?page_no=9210'>9210<\/a><\/li>\n\n\n\n<li><a href='?page_no=9211'>9211<\/a><\/li>\n\n\n\n<li class='active'><a>9212<\/a><\/li>\n\n\n\n<li><a href='?page_no=9213'>9213<\/a><\/li>\n\n\n\n<li><a href='?page_no=9214'>9214<\/a><\/li>\n\n\n\n<li><a>...<\/a><\/li>\n\n\n\n<li><a href='?page_no=36618'>36618<\/a><\/li>\n\n\n\n<li><a href='?page_no=36619'>36619<\/a><\/li>\n\n    \n\t\n\n<li >\n\t<a href='?page_no=9213'>Next<\/a>\n\t<\/li>\n\n\n    \n\n<li><a href='?page_no=36619'>Last &rsaquo;&rsaquo;<\/a><\/li>\n\n<\/ul>\n\n\n--><br \/>\n<\/body><\/p>\n","protected":false},"excerpt":{"rendered":"<p>Miami, EE.UU, 31 mar (PL) El suizo Roger Federer y el espa\u00f1ol Rafael Nadal buscar\u00e1n hoy su pase a la final del Abierto de tenis de Miami, segundo Masters 1000 de la temporada. Federer sufri\u00f3 la v\u00edspera ante el checo Tomas Berdych, que dispuso de dos bolas de partido en el desempate del tercer set [&hellip;]<\/p>\n","protected":false},"author":3,"featured_media":0,"comment_status":"open","ping_status":"open","sticky":false,"template":"","format":"standard","meta":{"footnotes":""},"categories":[17],"tags":[],"class_list":["post-209962","post","type-post","status-publish","format-standard","hentry","category-deportes"],"_links":{"self":[{"href":"https:\/\/diariodominicano.com\/index.php?rest_route=\/wp\/v2\/posts\/209962","targetHints":{"allow":["GET"]}}],"collection":[{"href":"https:\/\/diariodominicano.com\/index.php?rest_route=\/wp\/v2\/posts"}],"about":[{"href":"https:\/\/diariodominicano.com\/index.php?rest_route=\/wp\/v2\/types\/post"}],"author":[{"embeddable":true,"href":"https:\/\/diariodominicano.com\/index.php?rest_route=\/wp\/v2\/users\/3"}],"replies":[{"embeddable":true,"href":"https:\/\/diariodominicano.com\/index.php?rest_route=%2Fwp%2Fv2%2Fcomments&post=209962"}],"version-history":[{"count":0,"href":"https:\/\/diariodominicano.com\/index.php?rest_route=\/wp\/v2\/posts\/209962\/revisions"}],"wp:attachment":[{"href":"https:\/\/diariodominicano.com\/index.php?rest_route=%2Fwp%2Fv2%2Fmedia&parent=209962"}],"wp:term":[{"taxonomy":"category","embeddable":true,"href":"https:\/\/diariodominicano.com\/index.php?rest_route=%2Fwp%2Fv2%2Fcategories&post=209962"},{"taxonomy":"post_tag","embeddable":true,"href":"https:\/\/diariodominicano.com\/index.php?rest_route=%2Fwp%2Fv2%2Ftags&post=209962"}],"curies":[{"name":"wp","href":"https:\/\/api.w.org\/{rel}","templated":true}]}}