{"id":209961,"date":"2017-03-31T13:57:12","date_gmt":"2017-03-31T13:57:12","guid":{"rendered":"http:\/\/diariodominicano.ddns.net\/?p=209961"},"modified":"2017-03-31T13:57:12","modified_gmt":"2017-03-31T13:57:12","slug":"yadier-molina-y-los-cardenales-estarian-cerca-de-acordar-una-extension-de-tres-anos","status":"publish","type":"post","link":"https:\/\/diariodominicano.com\/?p=209961","title":{"rendered":"Yadier Molina y los Cardenales estar\u00edan cerca de acordar una extensi\u00f3n de tres a\u00f1os"},"content":{"rendered":"<p><body><\/p>\n<p><img decoding=\"async\" src=\"img3\/Molina1280_848i9i7z_n4d3xlt4.jpg\" \/>  <\/p>\n<\/p>\n<p>SAN LUIS, 31 de de marzo,  &#8211; Seis d\u00edas despu\u00e9s de que Yadier Molina declarara que no tiene intenciones de negociar una extensi\u00f3n de contrato con los Cardenales despu\u00e9s del D\u00eda Inaugural, las partes lucen estar cerca de hallar un punto en com\u00fan.<\/p>\n<\/p>\n<p>El gerente general de San Luis, John Mozeliak, dijo sentirse \u00aboptimista\u00bb de que el club llegar\u00e1 a un acuerdo con el receptor boricua antes del domingo.<\/p>\n<p>Los comentarios de Mozeliak se produjeron el jueves, horas despu\u00e9s de que Ken Rosenthal de MLB Network informara en Twitter que los Cardenales y Molina estaban poni\u00e9ndole los toques finales a una extensi\u00f3n de tres a\u00f1os con valor de entre US$55 y US$65 millones. Mozeliak y Molina aclararon que las negociaciones siguen en curso.<\/p>\n<p>De renovar con San Luis por tres temporadas, Molina estar\u00eda bajo contrato con el club hasta que concluya la campa\u00f1a del 2020. Eso aumentar\u00eda las posibilidades de que el veterano termine su carrera habiendo jugando por un solo equipo.<\/p>\n<p>\u00abSer\u00eda algo poco com\u00fan\u00bb, dijo Mozeliak al respecto. \u00ab[Molina] fue seleccionado por la organizaci\u00f3n en el draft amateur. Ha estado en Grandes Ligas desde el 2004. Y si analizamos el \u00e9xito que hemos tenido en ese tiempo, \u00e9l ha sido parte de todo. En cuanto a sellar su legado o completarlo se refiere, es algo que tenemos muy presente\u00bb.<\/p>\n<h6> 2017-03-31 13:57:12 <\/h6>\n<p><!--\n<link rel=\"stylesheet\" href=\"css\/bootstrap.min.css\">\n\n\n<ul class=\"pagination\">\n\t    \n\t\n\n<li >\n\t<a href='?page_no=9210'>Previous<\/a>\n\t<\/li>\n\n\n       \n    \n\n<li><a href='?page_no=1'>1<\/a><\/li>\n\n\n\n<li><a href='?page_no=2'>2<\/a><\/li>\n\n\n\n<li><a>...<\/a><\/li>\n\n\n\n<li><a href='?page_no=9209'>9209<\/a><\/li>\n\n\n\n<li><a href='?page_no=9210'>9210<\/a><\/li>\n\n\n\n<li class='active'><a>9211<\/a><\/li>\n\n\n\n<li><a href='?page_no=9212'>9212<\/a><\/li>\n\n\n\n<li><a href='?page_no=9213'>9213<\/a><\/li>\n\n\n\n<li><a>...<\/a><\/li>\n\n\n\n<li><a href='?page_no=36618'>36618<\/a><\/li>\n\n\n\n<li><a href='?page_no=36619'>36619<\/a><\/li>\n\n    \n\t\n\n<li >\n\t<a href='?page_no=9212'>Next<\/a>\n\t<\/li>\n\n\n    \n\n<li><a href='?page_no=36619'>Last &rsaquo;&rsaquo;<\/a><\/li>\n\n<\/ul>\n\n\n--><br \/>\n<\/body><\/p>\n","protected":false},"excerpt":{"rendered":"<p>SAN LUIS, 31 de de marzo, &#8211; Seis d\u00edas despu\u00e9s de que Yadier Molina declarara que no tiene intenciones de negociar una extensi\u00f3n de contrato con los Cardenales despu\u00e9s del D\u00eda Inaugural, las partes lucen estar cerca de hallar un punto en com\u00fan. El gerente general de San Luis, John Mozeliak, dijo sentirse \u00aboptimista\u00bb de [&hellip;]<\/p>\n","protected":false},"author":3,"featured_media":0,"comment_status":"open","ping_status":"open","sticky":false,"template":"","format":"standard","meta":{"footnotes":""},"categories":[17],"tags":[],"class_list":["post-209961","post","type-post","status-publish","format-standard","hentry","category-deportes"],"_links":{"self":[{"href":"https:\/\/diariodominicano.com\/index.php?rest_route=\/wp\/v2\/posts\/209961","targetHints":{"allow":["GET"]}}],"collection":[{"href":"https:\/\/diariodominicano.com\/index.php?rest_route=\/wp\/v2\/posts"}],"about":[{"href":"https:\/\/diariodominicano.com\/index.php?rest_route=\/wp\/v2\/types\/post"}],"author":[{"embeddable":true,"href":"https:\/\/diariodominicano.com\/index.php?rest_route=\/wp\/v2\/users\/3"}],"replies":[{"embeddable":true,"href":"https:\/\/diariodominicano.com\/index.php?rest_route=%2Fwp%2Fv2%2Fcomments&post=209961"}],"version-history":[{"count":0,"href":"https:\/\/diariodominicano.com\/index.php?rest_route=\/wp\/v2\/posts\/209961\/revisions"}],"wp:attachment":[{"href":"https:\/\/diariodominicano.com\/index.php?rest_route=%2Fwp%2Fv2%2Fmedia&parent=209961"}],"wp:term":[{"taxonomy":"category","embeddable":true,"href":"https:\/\/diariodominicano.com\/index.php?rest_route=%2Fwp%2Fv2%2Fcategories&post=209961"},{"taxonomy":"post_tag","embeddable":true,"href":"https:\/\/diariodominicano.com\/index.php?rest_route=%2Fwp%2Fv2%2Ftags&post=209961"}],"curies":[{"name":"wp","href":"https:\/\/api.w.org\/{rel}","templated":true}]}}