{"id":209950,"date":"2017-04-01T14:54:25","date_gmt":"2017-04-01T14:54:25","guid":{"rendered":"http:\/\/diariodominicano.ddns.net\/?p=209950"},"modified":"2017-04-01T14:54:25","modified_gmt":"2017-04-01T14:54:25","slug":"azulejos-concretan-extension-de-contrato-con-el-manager-john-gibbons","status":"publish","type":"post","link":"https:\/\/diariodominicano.com\/?p=209950","title":{"rendered":"Azulejos concretan extensi\u00f3n de contrato con el manager John Gibbons"},"content":{"rendered":"<p><body><\/p>\n<p><img decoding=\"async\" src=\"img3\/Gibbons1280_25bb5bxy_be5q68yl.jpg\" \/>  <\/p>\n<\/p>\n<p>MLB, 01 abril, -Los Azulejos han firmado al manager John Gibbons a una extensi\u00f3n de contrato que lo mantendr\u00eda en la cueva de Toronto por lo menos hasta que concluya la temporada del 2019, el club anunci\u00f3. El acuerdo tambi\u00e9n incluye una opci\u00f3n del equipo para la campa\u00f1a del 2020.<\/p>\n<\/p>\n<p>El 2017 ser\u00e1 la quinta temporada de la segunda estancia de Gibbons como capataz de los Azulejos y su novena campa\u00f1a en total como manager del equipo.<\/p>\n<p>Gibbons dirigi\u00f3 a los Mets del 2004 al 2008 antes de regresar a Toronto y guiar al club a su primera postemporada en 21 a\u00f1os en el 2015. Bajo el mando de Gibbons, los Azulejos han disputado la Serie de Campeonato de la Liga Americana en cada una de las \u00faltimas dos temporadas.<\/p>\n<p>Gibbons llega a la temporada del 2017 con marca de 644-614 como manager de Toronto.<\/p>\n<h6> 2017-04-01 14:54:25 <\/h6>\n<p><!--\n<link rel=\"stylesheet\" href=\"css\/bootstrap.min.css\">\n\n\n<ul class=\"pagination\">\n\t    \n\t\n\n<li >\n\t<a href='?page_no=9200'>Previous<\/a>\n\t<\/li>\n\n\n       \n    \n\n<li><a href='?page_no=1'>1<\/a><\/li>\n\n\n\n<li><a href='?page_no=2'>2<\/a><\/li>\n\n\n\n<li><a>...<\/a><\/li>\n\n\n\n<li><a href='?page_no=9199'>9199<\/a><\/li>\n\n\n\n<li><a href='?page_no=9200'>9200<\/a><\/li>\n\n\n\n<li class='active'><a>9201<\/a><\/li>\n\n\n\n<li><a href='?page_no=9202'>9202<\/a><\/li>\n\n\n\n<li><a href='?page_no=9203'>9203<\/a><\/li>\n\n\n\n<li><a>...<\/a><\/li>\n\n\n\n<li><a href='?page_no=36618'>36618<\/a><\/li>\n\n\n\n<li><a href='?page_no=36619'>36619<\/a><\/li>\n\n    \n\t\n\n<li >\n\t<a href='?page_no=9202'>Next<\/a>\n\t<\/li>\n\n\n    \n\n<li><a href='?page_no=36619'>Last &rsaquo;&rsaquo;<\/a><\/li>\n\n<\/ul>\n\n\n--><br \/>\n<\/body><\/p>\n","protected":false},"excerpt":{"rendered":"<p>MLB, 01 abril, -Los Azulejos han firmado al manager John Gibbons a una extensi\u00f3n de contrato que lo mantendr\u00eda en la cueva de Toronto por lo menos hasta que concluya la temporada del 2019, el club anunci\u00f3. El acuerdo tambi\u00e9n incluye una opci\u00f3n del equipo para la campa\u00f1a del 2020. El 2017 ser\u00e1 la quinta [&hellip;]<\/p>\n","protected":false},"author":3,"featured_media":0,"comment_status":"open","ping_status":"open","sticky":false,"template":"","format":"standard","meta":{"footnotes":""},"categories":[17],"tags":[],"class_list":["post-209950","post","type-post","status-publish","format-standard","hentry","category-deportes"],"_links":{"self":[{"href":"https:\/\/diariodominicano.com\/index.php?rest_route=\/wp\/v2\/posts\/209950","targetHints":{"allow":["GET"]}}],"collection":[{"href":"https:\/\/diariodominicano.com\/index.php?rest_route=\/wp\/v2\/posts"}],"about":[{"href":"https:\/\/diariodominicano.com\/index.php?rest_route=\/wp\/v2\/types\/post"}],"author":[{"embeddable":true,"href":"https:\/\/diariodominicano.com\/index.php?rest_route=\/wp\/v2\/users\/3"}],"replies":[{"embeddable":true,"href":"https:\/\/diariodominicano.com\/index.php?rest_route=%2Fwp%2Fv2%2Fcomments&post=209950"}],"version-history":[{"count":0,"href":"https:\/\/diariodominicano.com\/index.php?rest_route=\/wp\/v2\/posts\/209950\/revisions"}],"wp:attachment":[{"href":"https:\/\/diariodominicano.com\/index.php?rest_route=%2Fwp%2Fv2%2Fmedia&parent=209950"}],"wp:term":[{"taxonomy":"category","embeddable":true,"href":"https:\/\/diariodominicano.com\/index.php?rest_route=%2Fwp%2Fv2%2Fcategories&post=209950"},{"taxonomy":"post_tag","embeddable":true,"href":"https:\/\/diariodominicano.com\/index.php?rest_route=%2Fwp%2Fv2%2Ftags&post=209950"}],"curies":[{"name":"wp","href":"https:\/\/api.w.org\/{rel}","templated":true}]}}