{"id":209944,"date":"2017-04-01T23:47:39","date_gmt":"2017-04-01T23:47:39","guid":{"rendered":"http:\/\/diariodominicano.ddns.net\/?p=209944"},"modified":"2017-04-01T23:47:39","modified_gmt":"2017-04-01T23:47:39","slug":"realizan-entrenamientos-de-fogueo-para-la-proxima-cartelera-del-7-de-mayo-de-mma","status":"publish","type":"post","link":"https:\/\/diariodominicano.com\/?p=209944","title":{"rendered":"Realizan entrenamientos de fogueo para la pr\u00f3xima cartelera del 7 de mayo de MMA"},"content":{"rendered":"<p><body><\/p>\n<p><img decoding=\"async\" src=\"img3\/1.- 0387_n.jpg\" \/><br \/><img decoding=\"async\" src=\"img3\/17554385_1223843087714614_275672809880237940_n.jpg\" \/>  <\/p>\n<p><strong>Los hermanos Puello Avalo, S\u00f3crates y Erpubel, Reynaldo \u00abTikitiki Acevedo, Oscar Isidro \u00abHierro\u00bb Sosa Carri\u00f3n y Ricardo \u00abRicky\u00bb Ravelo.<\/strong><\/p>\n<p><strong> <\/strong><\/p>\n<p><strong> Por William Burgos<\/strong><\/p>\n<\/p>\n<p><strong>SANTO DOMINGO, RD, 1 de Abril de 2017.<\/strong>&#8211; Los peleadores de la disciplina de Artes Marciales Mixtas (MMA), Oscar Isidro \u00abHierro\u00bb Sosa Carri\u00f3n y Reynaldo \u00abTikitiki Acevedo hicieron una secci\u00f3n de pr\u00e1ctica de fogueo en el sector Colina del Seminario, en preparaci\u00f3n de la pr\u00f3xima cartelera del 7 de mayo, en el Coliseo de Boxeo Carlos T. Cruz, del ensanche La Fe.<\/p>\n<\/p>\n<p><strong>S\u00f3crates Puello, Oscar Isidro \u00abHierro\u00bb Sosa Carri\u00f3n, Erpubel Puello, Reynaldo \u00abTikitiki Acevedo, Nelson N\u00fa\u00f1ez Roble y Luis Orlando Olarriaga Duarte.<\/strong><\/p>\n<\/p>\n<p>La secci\u00f3n fue presenciada por Ricardo \u00abRicky\u00bb Ravelo, empresario que realiza Torneo MMA Combate Urbano Libre; as\u00ed como los licenciados S\u00f3crates Puello y Erpubel Puello, presidente Federaci\u00f3n Dominicana de Artes Marciales Mixtas de Contacto Completo (FEDAMMCO).<\/p>\n<p>Erpubel, maneja la Asociaci\u00f3n de Artes Marciales Mixtas Amateur del Distrito Nacional (ASOAMMIDN).<\/p>\n<p>\u00abHierro\u00bb Sosa, oriundo de San Pedro de Macor\u00eds, acciona en la divisi\u00f3n pesada de 205 libras, quien tiene de adversario a Y\u00e9remis Rodolfo de Trinidad &amp; Tobago, el nativo ha competido Jamaica, Curazao, T&amp;T y Aruba, obteniendo varias fajas en distintas categor\u00edas y entrenado por Palmer Mateen.<\/p>\n<p>El popular \u00abTikitiki\u00bb Acevedo, del sector de Villa Juana, tiene un staff de t\u00e9cnicos, en su preparaci\u00f3n f\u00edsica, al cubano M\u00e1ster de Alto Rendimiento a Luis Orlando Olarriaga Duarte y al entrenador de RD Israel Beltr\u00e9 de Jiujitsu.<\/p>\n<p>Tikitiki, es un gladiador de la divisi\u00f3n Welter, para 170 libre, quien ha tenido m\u00faltiples combates en RD, y ha salido triunfador por su forma t\u00e1ctica, de excelente movimientos de sus manos, piernas y de gran equilibrio frente a su adversario, para enfrentar al \u00abColoso\u00bb Jos\u00e9 Paulino, del Team Mordan.  <\/p>\n<p>\u00abRicky\u00bb Ravelo, indic\u00f3 que el s\u00e1bado 7 de mayo, la cartelera tiene los combates por el t\u00edtulo de 135 libras, 145, 155, 170 y 185 libras y la estelaridad de peso pesado, disput\u00e1ndose las fajas y premios en met\u00e1lico, la entrada es a partir de las 5:00 de la tarde y a las 6:00 PM, empieza la gran velada.<\/p>\n<\/p>\n<\/p>\n<h6> 2017-04-01 23:47:39 <\/h6>\n<p><!--\n<link rel=\"stylesheet\" href=\"css\/bootstrap.min.css\">\n\n\n<ul class=\"pagination\">\n\t    \n\t\n\n<li >\n\t<a href='?page_no=9196'>Previous<\/a>\n\t<\/li>\n\n\n       \n    \n\n<li><a href='?page_no=1'>1<\/a><\/li>\n\n\n\n<li><a href='?page_no=2'>2<\/a><\/li>\n\n\n\n<li><a>...<\/a><\/li>\n\n\n\n<li><a href='?page_no=9195'>9195<\/a><\/li>\n\n\n\n<li><a href='?page_no=9196'>9196<\/a><\/li>\n\n\n\n<li class='active'><a>9197<\/a><\/li>\n\n\n\n<li><a href='?page_no=9198'>9198<\/a><\/li>\n\n\n\n<li><a href='?page_no=9199'>9199<\/a><\/li>\n\n\n\n<li><a>...<\/a><\/li>\n\n\n\n<li><a href='?page_no=36618'>36618<\/a><\/li>\n\n\n\n<li><a href='?page_no=36619'>36619<\/a><\/li>\n\n    \n\t\n\n<li >\n\t<a href='?page_no=9198'>Next<\/a>\n\t<\/li>\n\n\n    \n\n<li><a href='?page_no=36619'>Last &rsaquo;&rsaquo;<\/a><\/li>\n\n<\/ul>\n\n\n--><br \/>\n<\/body><\/p>\n","protected":false},"excerpt":{"rendered":"<p>Los hermanos Puello Avalo, S\u00f3crates y Erpubel, Reynaldo \u00abTikitiki Acevedo, Oscar Isidro \u00abHierro\u00bb Sosa Carri\u00f3n y Ricardo \u00abRicky\u00bb Ravelo. Por William Burgos SANTO DOMINGO, RD, 1 de Abril de 2017.&#8211; Los peleadores de la disciplina de Artes Marciales Mixtas (MMA), Oscar Isidro \u00abHierro\u00bb Sosa Carri\u00f3n y Reynaldo \u00abTikitiki Acevedo hicieron una secci\u00f3n de pr\u00e1ctica de [&hellip;]<\/p>\n","protected":false},"author":3,"featured_media":0,"comment_status":"open","ping_status":"open","sticky":false,"template":"","format":"standard","meta":{"footnotes":""},"categories":[17],"tags":[],"class_list":["post-209944","post","type-post","status-publish","format-standard","hentry","category-deportes"],"_links":{"self":[{"href":"https:\/\/diariodominicano.com\/index.php?rest_route=\/wp\/v2\/posts\/209944","targetHints":{"allow":["GET"]}}],"collection":[{"href":"https:\/\/diariodominicano.com\/index.php?rest_route=\/wp\/v2\/posts"}],"about":[{"href":"https:\/\/diariodominicano.com\/index.php?rest_route=\/wp\/v2\/types\/post"}],"author":[{"embeddable":true,"href":"https:\/\/diariodominicano.com\/index.php?rest_route=\/wp\/v2\/users\/3"}],"replies":[{"embeddable":true,"href":"https:\/\/diariodominicano.com\/index.php?rest_route=%2Fwp%2Fv2%2Fcomments&post=209944"}],"version-history":[{"count":0,"href":"https:\/\/diariodominicano.com\/index.php?rest_route=\/wp\/v2\/posts\/209944\/revisions"}],"wp:attachment":[{"href":"https:\/\/diariodominicano.com\/index.php?rest_route=%2Fwp%2Fv2%2Fmedia&parent=209944"}],"wp:term":[{"taxonomy":"category","embeddable":true,"href":"https:\/\/diariodominicano.com\/index.php?rest_route=%2Fwp%2Fv2%2Fcategories&post=209944"},{"taxonomy":"post_tag","embeddable":true,"href":"https:\/\/diariodominicano.com\/index.php?rest_route=%2Fwp%2Fv2%2Ftags&post=209944"}],"curies":[{"name":"wp","href":"https:\/\/api.w.org\/{rel}","templated":true}]}}