{"id":209941,"date":"2017-04-03T08:21:37","date_gmt":"2017-04-03T08:21:37","guid":{"rendered":"http:\/\/diariodominicano.ddns.net\/?p=209941"},"modified":"2017-04-03T08:21:37","modified_gmt":"2017-04-03T08:21:37","slug":"dustin-pedroia-sigue-como-figura-fija-en-la-evolucion-de-los-medias-rojas","status":"publish","type":"post","link":"https:\/\/diariodominicano.com\/?p=209941","title":{"rendered":"Dustin Pedroia sigue como figura fija en la evoluci\u00f3n de los Medias Rojas"},"content":{"rendered":"<p><body><\/p>\n<p><img decoding=\"async\" src=\"img3\/pedroia.jpg\" \/>  <\/p>\n<p>BOSTON, 3 de abril.- Para los Medias Rojas, esta ser\u00e1 la primera temporada sin el dominicano David Ortiz desde que \u00e9ste se retir\u00f3. Y la primera con Chris Sale a bordo.<\/p>\n<\/p>\n<p>Es tambi\u00e9n un a\u00f1o que comienza con la incertidumbre alrededor del zurdo David Price, quien est\u00e1 en la lista de lesionados debido a un tir\u00f3n en el codo.<\/p>\n<\/p>\n<p>En medio de varios cambios, ah\u00ed sigue Dustin Pedroia, cuya presencia se siente ya tan tradicional en el Fenway Park como el Monstruo Verde.<\/p>\n<p>Cuando Boston abra su temporada el lunes en casa ante los Piratas, Pedroia estar\u00e1 en la segunda base por 11mo D\u00eda Inaugural consecutivo. S\u00f3lo Carl Yastrzemiski inici\u00f3 m\u00e1s encuentros inaugurales seguidos en una misma posici\u00f3n por los Medias Rojas (12). Y eso ocurri\u00f3 entre 1961 y 1972.<\/p>\n<\/p>\n<p>\u00abNo s\u00e9 qu\u00e9 significa eso. Me imagino que soy como una especie de mosca en una casa\u00bb, brome\u00f3 Pedroia. \u00abQue no te puedes deshacer de ellas, algo as\u00ed. No lo s\u00e9. S\u00f3lo trato de venir aqu\u00ed todos los a\u00f1os a jugar y disfruto jugar. Disfruto jugar aqu\u00ed, es un gran lugar cuando ganas. Y eso es lo que estamos tratando de hacer\u00bb.<\/p>\n<\/p>\n<p>Esa mosca de la que habla Pedroia es probablemente c\u00f3mo los rivales ven al intemedista, teniendo en cuenta lo que es capaz de hacer en cada aspecto del juego.<\/p>\n<\/p>\n<p>Pero a los Medias Rojas les encanta la energ\u00eda y el liderazgo de Pedroia. Y eso era as\u00ed aun cuando Ortiz estaba en el equipo. Este a\u00f1o simplemente evolucionar\u00e1.<\/p>\n<\/p>\n<p>\u00abDurante la \u00faltima d\u00e9cada, ha sido una piedra angular aqu\u00ed\u00bb, dijo el manager de los Medias Rojas, John Farrell. \u00abHa sido un jugador franquicia y su importancia contin\u00faa creciendo. A medida que otros se han ido, Dustin sigue siendo el tipo que se mantiene en el tope y viene de tener una tremenda primavera. Incluso para alguien con su presencia en Boston, con todos los a\u00f1os que ha estado aqu\u00ed, cada d\u00eda sigue creciendo como l\u00edder de nuestro equipo y se va acostumbrando m\u00e1s a ese rol\u00bb.<\/p>\n<\/p>\n<p>Pedroia ya ha sido parte de dos equipos que ganaron la Serie Mundial en Boston, y le encantar\u00eda empatar a su buen amigo Big Papi con un tercer anillo este a\u00f1o.<\/p>\n<h6> 2017-04-03 08:21:37 <\/h6>\n<p><!--\n<link rel=\"stylesheet\" href=\"css\/bootstrap.min.css\">\n\n\n<ul class=\"pagination\">\n\t    \n\t\n\n<li >\n\t<a href='?page_no=9193'>Previous<\/a>\n\t<\/li>\n\n\n       \n    \n\n<li><a href='?page_no=1'>1<\/a><\/li>\n\n\n\n<li><a href='?page_no=2'>2<\/a><\/li>\n\n\n\n<li><a>...<\/a><\/li>\n\n\n\n<li><a href='?page_no=9192'>9192<\/a><\/li>\n\n\n\n<li><a href='?page_no=9193'>9193<\/a><\/li>\n\n\n\n<li class='active'><a>9194<\/a><\/li>\n\n\n\n<li><a href='?page_no=9195'>9195<\/a><\/li>\n\n\n\n<li><a href='?page_no=9196'>9196<\/a><\/li>\n\n\n\n<li><a>...<\/a><\/li>\n\n\n\n<li><a href='?page_no=36618'>36618<\/a><\/li>\n\n\n\n<li><a href='?page_no=36619'>36619<\/a><\/li>\n\n    \n\t\n\n<li >\n\t<a href='?page_no=9195'>Next<\/a>\n\t<\/li>\n\n\n    \n\n<li><a href='?page_no=36619'>Last &rsaquo;&rsaquo;<\/a><\/li>\n\n<\/ul>\n\n\n--><br \/>\n<\/body><\/p>\n","protected":false},"excerpt":{"rendered":"<p>BOSTON, 3 de abril.- Para los Medias Rojas, esta ser\u00e1 la primera temporada sin el dominicano David Ortiz desde que \u00e9ste se retir\u00f3. Y la primera con Chris Sale a bordo. Es tambi\u00e9n un a\u00f1o que comienza con la incertidumbre alrededor del zurdo David Price, quien est\u00e1 en la lista de lesionados debido a un [&hellip;]<\/p>\n","protected":false},"author":3,"featured_media":0,"comment_status":"open","ping_status":"open","sticky":false,"template":"","format":"standard","meta":{"footnotes":""},"categories":[17],"tags":[],"class_list":["post-209941","post","type-post","status-publish","format-standard","hentry","category-deportes"],"_links":{"self":[{"href":"https:\/\/diariodominicano.com\/index.php?rest_route=\/wp\/v2\/posts\/209941","targetHints":{"allow":["GET"]}}],"collection":[{"href":"https:\/\/diariodominicano.com\/index.php?rest_route=\/wp\/v2\/posts"}],"about":[{"href":"https:\/\/diariodominicano.com\/index.php?rest_route=\/wp\/v2\/types\/post"}],"author":[{"embeddable":true,"href":"https:\/\/diariodominicano.com\/index.php?rest_route=\/wp\/v2\/users\/3"}],"replies":[{"embeddable":true,"href":"https:\/\/diariodominicano.com\/index.php?rest_route=%2Fwp%2Fv2%2Fcomments&post=209941"}],"version-history":[{"count":0,"href":"https:\/\/diariodominicano.com\/index.php?rest_route=\/wp\/v2\/posts\/209941\/revisions"}],"wp:attachment":[{"href":"https:\/\/diariodominicano.com\/index.php?rest_route=%2Fwp%2Fv2%2Fmedia&parent=209941"}],"wp:term":[{"taxonomy":"category","embeddable":true,"href":"https:\/\/diariodominicano.com\/index.php?rest_route=%2Fwp%2Fv2%2Fcategories&post=209941"},{"taxonomy":"post_tag","embeddable":true,"href":"https:\/\/diariodominicano.com\/index.php?rest_route=%2Fwp%2Fv2%2Ftags&post=209941"}],"curies":[{"name":"wp","href":"https:\/\/api.w.org\/{rel}","templated":true}]}}