{"id":209938,"date":"2017-04-03T14:42:37","date_gmt":"2017-04-03T14:42:37","guid":{"rendered":"http:\/\/diariodominicano.ddns.net\/?p=209938"},"modified":"2017-04-03T14:42:37","modified_gmt":"2017-04-03T14:42:37","slug":"al-attiyah-mantiene-liderato-en-rally-de-abu-dabi","status":"publish","type":"post","link":"https:\/\/diariodominicano.com\/?p=209938","title":{"rendered":"Al-Attiyah mantiene liderato en Rally de Abu Dabi"},"content":{"rendered":"<p><body><\/p>\n<p><img decoding=\"async\" src=\"img3\/rally-abuDhabi-al-ittiyah.jpg\" \/>  <\/p>\n<p>Abu Dabi, 3 abr (PL) El qatar\u00ed Nasser Al-Attiyah mantuvo hoy su condici\u00f3n de l\u00edder en la clasificaci\u00f3n de coches correspondiente al Abu Dhabi Desert Challenge, primera cita del Mundial Todoterreno.<\/p>\n<\/p>\n<p>El medallista ol\u00edmpico de bronce en tiro deportivo de Londres-2012 defendi\u00f3 el liderato en coches y volvi\u00f3 a ser el m\u00e1s r\u00e1pido con un tiempo de cuatro horas, dos minutos y 34 segundos, por delante del emirat\u00ed Khalid Al-Qassimi.<\/p>\n<\/p>\n<p>Su ventaja en la general es ya de 23 minutos sobre Al-Qassimi, y de casi una hora con respecto al checo Martin Prokop, ocupante de la tercera posici\u00f3n.<\/p>\n<\/p>\n<p>En motos, el austr\u00edaco Matthias Walker lidera tras disputarse la segunda etapa, de 289.39 kil\u00f3metros, 99.69 de ellos cronometrados, entre las localidades de Mezaira&#8217;a y Madinat Zayed.<\/p>\n<\/p>\n<p>El brit\u00e1nico Sam Sunderland, campe\u00f3n del Rally Dakar-2017, perdi\u00f3 el liderato al ser sexto, en una etapa ganada por el franc\u00e9s Pierre Alexander Renet (con 4:05.05 horas) por delante del portugu\u00e9s Paolo Gonzalves.<\/p>\n<\/p>\n<p>Walkner fue tercero este lunes, pero con un tiempo global de 7:41.09 horas tiene 32 segundos de ventaja sobre el luso, y poco m\u00e1s de un minuto sobre el galo.<\/p>\n<h6> 2017-04-03 14:42:37 <\/h6>\n<p><!--\n<link rel=\"stylesheet\" href=\"css\/bootstrap.min.css\">\n\n\n<ul class=\"pagination\">\n\t    \n\t\n\n<li >\n\t<a href='?page_no=9190'>Previous<\/a>\n\t<\/li>\n\n\n       \n    \n\n<li><a href='?page_no=1'>1<\/a><\/li>\n\n\n\n<li><a href='?page_no=2'>2<\/a><\/li>\n\n\n\n<li><a>...<\/a><\/li>\n\n\n\n<li><a href='?page_no=9189'>9189<\/a><\/li>\n\n\n\n<li><a href='?page_no=9190'>9190<\/a><\/li>\n\n\n\n<li class='active'><a>9191<\/a><\/li>\n\n\n\n<li><a href='?page_no=9192'>9192<\/a><\/li>\n\n\n\n<li><a href='?page_no=9193'>9193<\/a><\/li>\n\n\n\n<li><a>...<\/a><\/li>\n\n\n\n<li><a href='?page_no=36618'>36618<\/a><\/li>\n\n\n\n<li><a href='?page_no=36619'>36619<\/a><\/li>\n\n    \n\t\n\n<li >\n\t<a href='?page_no=9192'>Next<\/a>\n\t<\/li>\n\n\n    \n\n<li><a href='?page_no=36619'>Last &rsaquo;&rsaquo;<\/a><\/li>\n\n<\/ul>\n\n\n--><br \/>\n<\/body><\/p>\n","protected":false},"excerpt":{"rendered":"<p>Abu Dabi, 3 abr (PL) El qatar\u00ed Nasser Al-Attiyah mantuvo hoy su condici\u00f3n de l\u00edder en la clasificaci\u00f3n de coches correspondiente al Abu Dhabi Desert Challenge, primera cita del Mundial Todoterreno. El medallista ol\u00edmpico de bronce en tiro deportivo de Londres-2012 defendi\u00f3 el liderato en coches y volvi\u00f3 a ser el m\u00e1s r\u00e1pido con un [&hellip;]<\/p>\n","protected":false},"author":3,"featured_media":0,"comment_status":"open","ping_status":"open","sticky":false,"template":"","format":"standard","meta":{"footnotes":""},"categories":[17],"tags":[],"class_list":["post-209938","post","type-post","status-publish","format-standard","hentry","category-deportes"],"_links":{"self":[{"href":"https:\/\/diariodominicano.com\/index.php?rest_route=\/wp\/v2\/posts\/209938","targetHints":{"allow":["GET"]}}],"collection":[{"href":"https:\/\/diariodominicano.com\/index.php?rest_route=\/wp\/v2\/posts"}],"about":[{"href":"https:\/\/diariodominicano.com\/index.php?rest_route=\/wp\/v2\/types\/post"}],"author":[{"embeddable":true,"href":"https:\/\/diariodominicano.com\/index.php?rest_route=\/wp\/v2\/users\/3"}],"replies":[{"embeddable":true,"href":"https:\/\/diariodominicano.com\/index.php?rest_route=%2Fwp%2Fv2%2Fcomments&post=209938"}],"version-history":[{"count":0,"href":"https:\/\/diariodominicano.com\/index.php?rest_route=\/wp\/v2\/posts\/209938\/revisions"}],"wp:attachment":[{"href":"https:\/\/diariodominicano.com\/index.php?rest_route=%2Fwp%2Fv2%2Fmedia&parent=209938"}],"wp:term":[{"taxonomy":"category","embeddable":true,"href":"https:\/\/diariodominicano.com\/index.php?rest_route=%2Fwp%2Fv2%2Fcategories&post=209938"},{"taxonomy":"post_tag","embeddable":true,"href":"https:\/\/diariodominicano.com\/index.php?rest_route=%2Fwp%2Fv2%2Ftags&post=209938"}],"curies":[{"name":"wp","href":"https:\/\/api.w.org\/{rel}","templated":true}]}}