{"id":209935,"date":"2017-04-03T14:52:05","date_gmt":"2017-04-03T14:52:05","guid":{"rendered":"http:\/\/diariodominicano.ddns.net\/?p=209935"},"modified":"2017-04-03T14:52:05","modified_gmt":"2017-04-03T14:52:05","slug":"federer-escala-posiciones-en-el-ranking-mundial-de-tenis","status":"publish","type":"post","link":"https:\/\/diariodominicano.com\/?p=209935","title":{"rendered":"Federer escala posiciones en el ranking mundial de tenis"},"content":{"rendered":"<p><body><\/p>\n<p><img decoding=\"async\" src=\"img3\/tenis-federer--celebra.jpg\" \/>  <\/p>\n<p><span class=\"text1noticias\">Londres, 3 abr (PL) El suizo Roger Federer escal\u00f3 dos puestos en el ranking mundial de tenis, para ocupar hoy el cuarto puesto, con cinco mil 305 puntos, luego de agenciarse el Masters 1000 de Miami.<\/span><\/p>\n<\/p>\n<p><span class=\"text1noticias\">Federer super\u00f3 en la final del torneo ten\u00edstico de la Florida al espa\u00f1ol Rafael Nadal por 6-3 y 6-4, t\u00edtulo que le vali\u00f3 para alcanzar mil puntos y acercarse a su compatriota Stan Wawrinka, tercero con cinco mil 785.<\/span><\/p>\n<\/p>\n<p><span class=\"text1noticias\">Igualmente, el helv\u00e9tico se confirm\u00f3 como el jugador en mejor forma de la presente temporada, tras conquistar su tercer torneo del a\u00f1o y su segundo correspondiente a la Asociaci\u00f3n de Tenistas Profesionales (ATP).<\/span><\/p>\n<\/p>\n<p><span class=\"text1noticias\">Luego de esta victoria, se conoci\u00f3 que el experimentado tenista se tomar\u00e1 un descanso y se incorporar\u00e1 a las competencias dos semanas antes del Roland Garros, segundo Grand Slam de la campa\u00f1a, que comenzar\u00e1 el 25 de mayo pr\u00f3ximo.<\/span><\/p>\n<\/p>\n<p><span class=\"text1noticias\">Por su parte, Nadal tambi\u00e9n subi\u00f3 dos puestos al arribar a esta final para cerrar con cuatro mil 735 unidades el listado de los primeros cinco del listado universal de la ATP, grupo liderado por el brit\u00e1nico Andy Murray (11960), seguido del serbio Novak Djokovic (7915).<\/span><\/p>\n<\/p>\n<p><span class=\"text1noticias\">Asimismo, el japon\u00e9s Kei Nishikori (4310) descendi\u00f3 hasta la s\u00e9ptima plaza tras perder m\u00e1s de 400 puntos, mientras que el uruguayo Pablo Cuevas se consolid\u00f3 como el mejor jugador latinoamericano entre los 100 mejores tenistas del mundo, al mantener el puesto 26 con mil 425 puntos.<\/span><\/p>\n<\/p>\n<p><span class=\"text1noticias\">&#8212; <\/span><\/p>\n<\/p>\n<p><span class=\"text1noticias\">Clasificaci\u00f3n mundial de la ATP: <\/span><\/p>\n<\/p>\n<p><span class=\"text1noticias\">-1.Andy Murray (GBR) 11960 puntos.<\/span><\/p>\n<\/p>\n<p><span class=\"text1noticias\">-2.Novak Djokovic (SRB) 7915.<\/span><\/p>\n<\/p>\n<p><span class=\"text1noticias\">-3.Stan Wawrinka (SUI) 5785.<\/span><\/p>\n<\/p>\n<p><span class=\"text1noticias\">-4.Roger Federer (SUI) 5305.<\/span><\/p>\n<\/p>\n<p><span class=\"text1noticias\">-5. Rafael Nadal (ESP) 4735.<\/span><\/p>\n<\/p>\n<p><span class=\"text1noticias\">-6.Milos Raonic (CAN) 4345.<\/span><\/p>\n<\/p>\n<p><span class=\"text1noticias\">-7.Kei Nishikori (JAP) 4310.<\/span><\/p>\n<\/p>\n<p><span class=\"text1noticias\">-8.Marin Cilic (CRO) 3385.<\/span><\/p>\n<\/p>\n<p><span class=\"text1noticias\">-9.Dominic Thiem (AUT) 3385.<\/span><\/p>\n<\/p>\n<p><span class=\"text1noticias\">-10.Jo-Wilfried Tsonga (FRA) 3265.<\/span><\/p>\n<\/p>\n<p><span class=\"text1noticias\">&#8212; <\/span><\/p>\n<\/p>\n<p><span class=\"text1noticias\">-26.Pablo Cuevas (URU) 1425.<\/span><\/p>\n<\/p>\n<p><span class=\"text1noticias\">-35.Juan Mart\u00edn del Potro (ARG) 1195.<\/span><\/p>\n<\/p>\n<p><span class=\"text1noticias\">-41.Diego Schwartzman (ARG) 990.<\/span><\/p>\n<\/p>\n<p><span class=\"text1noticias\">-51.Federico Delbonis (ARG) 905.<\/span><\/p>\n<\/p>\n<p><span class=\"text1noticias\">-66.Carlos Berlocq (ARG) 739.<\/span><\/p>\n<\/p>\n<p><span class=\"text1noticias\">-67.Thomaz Bellucci (BRA) 736.<\/span><\/p>\n<\/p>\n<p><span class=\"text1noticias\">-72.Juan M\u00f3naco (ARG) 705.<\/span><\/p>\n<\/p>\n<p><span class=\"text1noticias\">-81.Thiago Monteiro (BRA) 668.<\/span><\/p>\n<\/p>\n<p><span class=\"text1noticias\">-83.Rogerio Dutra Silva (BRA) 652.<\/span><\/p>\n<\/p>\n<p><span class=\"text1noticias\">-86.Horacio Zeballos (ARG) 631.<\/span><\/p>\n<\/p>\n<p><span class=\"text1noticias\">-87.V\u00edctor Estrella Burgos (DOM) 626.<\/span><\/p>\n<\/p>\n<p><span class=\"text1noticias\">-96.Renzo Olivo (ARG) 596.<\/span><\/p>\n<\/p>\n<p><span class=\"text1noticias\">-100.Facundo Bagnis (ARG) 580.<\/span><\/p>\n<\/p>\n<h6> 2017-04-03 14:52:05 <\/h6>\n<p><!--\n<link rel=\"stylesheet\" href=\"css\/bootstrap.min.css\">\n\n\n<ul class=\"pagination\">\n\t    \n\t\n\n<li >\n\t<a href='?page_no=9188'>Previous<\/a>\n\t<\/li>\n\n\n       \n    \n\n<li><a href='?page_no=1'>1<\/a><\/li>\n\n\n\n<li><a href='?page_no=2'>2<\/a><\/li>\n\n\n\n<li><a>...<\/a><\/li>\n\n\n\n<li><a href='?page_no=9187'>9187<\/a><\/li>\n\n\n\n<li><a href='?page_no=9188'>9188<\/a><\/li>\n\n\n\n<li class='active'><a>9189<\/a><\/li>\n\n\n\n<li><a href='?page_no=9190'>9190<\/a><\/li>\n\n\n\n<li><a href='?page_no=9191'>9191<\/a><\/li>\n\n\n\n<li><a>...<\/a><\/li>\n\n\n\n<li><a href='?page_no=36618'>36618<\/a><\/li>\n\n\n\n<li><a href='?page_no=36619'>36619<\/a><\/li>\n\n    \n\t\n\n<li >\n\t<a href='?page_no=9190'>Next<\/a>\n\t<\/li>\n\n\n    \n\n<li><a href='?page_no=36619'>Last &rsaquo;&rsaquo;<\/a><\/li>\n\n<\/ul>\n\n\n--><br \/>\n<\/body><\/p>\n","protected":false},"excerpt":{"rendered":"<p>Londres, 3 abr (PL) El suizo Roger Federer escal\u00f3 dos puestos en el ranking mundial de tenis, para ocupar hoy el cuarto puesto, con cinco mil 305 puntos, luego de agenciarse el Masters 1000 de Miami. Federer super\u00f3 en la final del torneo ten\u00edstico de la Florida al espa\u00f1ol Rafael Nadal por 6-3 y 6-4, [&hellip;]<\/p>\n","protected":false},"author":3,"featured_media":0,"comment_status":"open","ping_status":"open","sticky":false,"template":"","format":"standard","meta":{"footnotes":""},"categories":[17],"tags":[],"class_list":["post-209935","post","type-post","status-publish","format-standard","hentry","category-deportes"],"_links":{"self":[{"href":"https:\/\/diariodominicano.com\/index.php?rest_route=\/wp\/v2\/posts\/209935","targetHints":{"allow":["GET"]}}],"collection":[{"href":"https:\/\/diariodominicano.com\/index.php?rest_route=\/wp\/v2\/posts"}],"about":[{"href":"https:\/\/diariodominicano.com\/index.php?rest_route=\/wp\/v2\/types\/post"}],"author":[{"embeddable":true,"href":"https:\/\/diariodominicano.com\/index.php?rest_route=\/wp\/v2\/users\/3"}],"replies":[{"embeddable":true,"href":"https:\/\/diariodominicano.com\/index.php?rest_route=%2Fwp%2Fv2%2Fcomments&post=209935"}],"version-history":[{"count":0,"href":"https:\/\/diariodominicano.com\/index.php?rest_route=\/wp\/v2\/posts\/209935\/revisions"}],"wp:attachment":[{"href":"https:\/\/diariodominicano.com\/index.php?rest_route=%2Fwp%2Fv2%2Fmedia&parent=209935"}],"wp:term":[{"taxonomy":"category","embeddable":true,"href":"https:\/\/diariodominicano.com\/index.php?rest_route=%2Fwp%2Fv2%2Fcategories&post=209935"},{"taxonomy":"post_tag","embeddable":true,"href":"https:\/\/diariodominicano.com\/index.php?rest_route=%2Fwp%2Fv2%2Ftags&post=209935"}],"curies":[{"name":"wp","href":"https:\/\/api.w.org\/{rel}","templated":true}]}}