{"id":209934,"date":"2017-04-03T14:54:11","date_gmt":"2017-04-03T14:54:11","guid":{"rendered":"http:\/\/diariodominicano.ddns.net\/?p=209934"},"modified":"2017-04-03T14:54:11","modified_gmt":"2017-04-03T14:54:11","slug":"fifa-inhabilita-de-por-vida-a-expresidente-de-fedefut-de-guatemala","status":"publish","type":"post","link":"https:\/\/diariodominicano.com\/?p=209934","title":{"rendered":"FIFA inhabilita de por vida a expresidente de Fedefut de Guatemala"},"content":{"rendered":"<p><body><\/p>\n<p><img decoding=\"async\" src=\"img3\/guate-fut-brayan-jimenez.jpg\" \/>  <\/p>\n<p>Guatemala, 3 abr (PL) La Federaci\u00f3n Internacional de F\u00fatbol Asociado (FIFA) inhabilit\u00f3 hoy de por vida al expresidente de la Federaci\u00f3n de F\u00fatbol de Guatemala Brayan Jim\u00e9nez, implicado en el esc\u00e1ndalo de corrupci\u00f3n que sacudi\u00f3 al ente mundial.<\/p>\n<\/p>\n<p>El tambi\u00e9n exmiembro de la Comisi\u00f3n de Deportividad y Responsabilidad Social de la FIFA fue detenido hace un a\u00f1o, en estado de ebriedad y tras varias semanas pr\u00f3fugo de la justicia, por asociaci\u00f3n il\u00edcita, cobro de sobornos y otros delitos en este pa\u00eds centroamericano.<\/p>\n<\/p>\n<p>Con posterioridad, Jim\u00e9nez fue extraditado a Estados Unidos, donde acept\u00f3 su culpabilidad en los hechos que le imputaban y que motivaron la intervenci\u00f3n del organismo guatemalteco por parte de una comisi\u00f3n designada por el ente rector del f\u00fatbol en el mundo.<\/p>\n<\/p>\n<p>El odont\u00f3logo de profesi\u00f3n acept\u00f3 su participaci\u00f3n en &#8216;dos tramas delictivas distintas&#8217;, se\u00f1al\u00f3 la Comisi\u00f3n de \u00c9tica de la FIFA, en el documento que refrenda la suspensi\u00f3n.<\/p>\n<\/p>\n<p>Precis\u00f3 que &#8216;una de ellas, para solicitar y recibir sobornos de empresas de marketing en relaci\u00f3n con la concesi\u00f3n de los derechos de comercializaci\u00f3n de los clasificatorios para el Mundial de la regi\u00f3n de la Uni\u00f3n Centroamericana de F\u00fatbol (Uncaf)&#8217;.<\/p>\n<\/p>\n<p>Mientras que la segunda &#8216;guarda relaci\u00f3n con ciertos acuerdos para que la selecci\u00f3n nacional del pa\u00eds disputase encuentros amistosos en la regi\u00f3n de la Uncaf&#8217;, a\u00f1adi\u00f3.<\/p>\n<\/p>\n<p>Con esos actos, Jim\u00e9nez contravino los art\u00edculos 13 sobre reglas generales de conducta, 15 (lealtad), 18 (obligaci\u00f3n de denunciar, cooperar y rendir cuentas), 19 (conflicto de intereses) y 21 (cohecho y corrupci\u00f3n) del C\u00f3digo \u00c9tico de la FIFA, agreg\u00f3.<\/p>\n<h6> 2017-04-03 14:54:11 <\/h6>\n<p><!--\n<link rel=\"stylesheet\" href=\"css\/bootstrap.min.css\">\n\n\n<ul class=\"pagination\">\n\t    \n\t\n\n<li >\n\t<a href='?page_no=9187'>Previous<\/a>\n\t<\/li>\n\n\n       \n    \n\n<li><a href='?page_no=1'>1<\/a><\/li>\n\n\n\n<li><a href='?page_no=2'>2<\/a><\/li>\n\n\n\n<li><a>...<\/a><\/li>\n\n\n\n<li><a href='?page_no=9186'>9186<\/a><\/li>\n\n\n\n<li><a href='?page_no=9187'>9187<\/a><\/li>\n\n\n\n<li class='active'><a>9188<\/a><\/li>\n\n\n\n<li><a href='?page_no=9189'>9189<\/a><\/li>\n\n\n\n<li><a href='?page_no=9190'>9190<\/a><\/li>\n\n\n\n<li><a>...<\/a><\/li>\n\n\n\n<li><a href='?page_no=36618'>36618<\/a><\/li>\n\n\n\n<li><a href='?page_no=36619'>36619<\/a><\/li>\n\n    \n\t\n\n<li >\n\t<a href='?page_no=9189'>Next<\/a>\n\t<\/li>\n\n\n    \n\n<li><a href='?page_no=36619'>Last &rsaquo;&rsaquo;<\/a><\/li>\n\n<\/ul>\n\n\n--><br \/>\n<\/body><\/p>\n","protected":false},"excerpt":{"rendered":"<p>Guatemala, 3 abr (PL) La Federaci\u00f3n Internacional de F\u00fatbol Asociado (FIFA) inhabilit\u00f3 hoy de por vida al expresidente de la Federaci\u00f3n de F\u00fatbol de Guatemala Brayan Jim\u00e9nez, implicado en el esc\u00e1ndalo de corrupci\u00f3n que sacudi\u00f3 al ente mundial. El tambi\u00e9n exmiembro de la Comisi\u00f3n de Deportividad y Responsabilidad Social de la FIFA fue detenido hace [&hellip;]<\/p>\n","protected":false},"author":3,"featured_media":0,"comment_status":"open","ping_status":"open","sticky":false,"template":"","format":"standard","meta":{"footnotes":""},"categories":[17],"tags":[],"class_list":["post-209934","post","type-post","status-publish","format-standard","hentry","category-deportes"],"_links":{"self":[{"href":"https:\/\/diariodominicano.com\/index.php?rest_route=\/wp\/v2\/posts\/209934","targetHints":{"allow":["GET"]}}],"collection":[{"href":"https:\/\/diariodominicano.com\/index.php?rest_route=\/wp\/v2\/posts"}],"about":[{"href":"https:\/\/diariodominicano.com\/index.php?rest_route=\/wp\/v2\/types\/post"}],"author":[{"embeddable":true,"href":"https:\/\/diariodominicano.com\/index.php?rest_route=\/wp\/v2\/users\/3"}],"replies":[{"embeddable":true,"href":"https:\/\/diariodominicano.com\/index.php?rest_route=%2Fwp%2Fv2%2Fcomments&post=209934"}],"version-history":[{"count":0,"href":"https:\/\/diariodominicano.com\/index.php?rest_route=\/wp\/v2\/posts\/209934\/revisions"}],"wp:attachment":[{"href":"https:\/\/diariodominicano.com\/index.php?rest_route=%2Fwp%2Fv2%2Fmedia&parent=209934"}],"wp:term":[{"taxonomy":"category","embeddable":true,"href":"https:\/\/diariodominicano.com\/index.php?rest_route=%2Fwp%2Fv2%2Fcategories&post=209934"},{"taxonomy":"post_tag","embeddable":true,"href":"https:\/\/diariodominicano.com\/index.php?rest_route=%2Fwp%2Fv2%2Ftags&post=209934"}],"curies":[{"name":"wp","href":"https:\/\/api.w.org\/{rel}","templated":true}]}}