{"id":209928,"date":"2017-04-04T09:01:16","date_gmt":"2017-04-04T09:01:16","guid":{"rendered":"http:\/\/diariodominicano.ddns.net\/?p=209928"},"modified":"2017-04-04T09:01:16","modified_gmt":"2017-04-04T09:01:16","slug":"danilo-medina-felicita-a-atletas-premiados-por-labor-en-2016","status":"publish","type":"post","link":"https:\/\/diariodominicano.com\/?p=209928","title":{"rendered":"Danilo Medina felicita a atletas premiados por labor en 2016"},"content":{"rendered":"<p><body><\/p>\n<p>Santo Domingo, 4 de abril.- El presidente Danilo Medina felicit\u00f3 a los premiados en la gala de la Asociaci\u00f3n de Cronistas Deportivos (ACD). En la ceremonia fueron reconocidos diez atletas por su destacada labor durante el a\u00f1o 2016.<\/p>\n<\/p>\n<p>En cartas separadas el jefe de Estado congratul\u00f3, en nombre suyo y del Gobierno, a todos los premiados. Reconoci\u00f3 en ellos el buen desempe\u00f1o que tuvieron en sus respectivas categor\u00edas.<\/p>\n<\/p>\n<p>En ese contexto, Luis Pie fue reconocido como \u00abAtleta del A\u00f1o 2016\u00bb en la categor\u00eda Taekwondo. Tambi\u00e9n, por haber conquistado medalla de bronce en los Juegos Ol\u00edmpicos celebrados en Brasil. <\/p>\n<\/p>\n<p>Entre los atletas reconocidos figura V\u00edctor Estrella, en la categor\u00eda Tenis. Igualmente, Crismely Santana y Beatriz Pir\u00f3n, en Levantamiento de Pesas.<\/p>\n<\/p>\n<p>Asimismo, Brayelin Mart\u00ednez, en Voleibol; Ivonne Losos, en la categor\u00eda Ecuestre y Jonathan Guzm\u00e1n, en Boxeo. De igual forma, Stanley Del Carmen, en Atletismo y Edwin Encarnaci\u00f3n, en B\u00e9isbol. Tambi\u00e9n Karl Anthony Towns Cruz, en Baloncesto.<\/p>\n<\/p>\n<p>Es deseo del gobernante que la premiaci\u00f3n les sirva de est\u00edmulo, para seguir sobresaliendo en el deporte. Asimismo, que les ayude a continuar proyect\u00e1ndose como ejemplo para las nuevas generaciones.<\/p>\n<\/p>\n<p>P\u00e1gina de la Presidencia de la Rep\u00fablica.<\/p>\n<h6> 2017-04-04 09:01:16 <\/h6>\n<p><!--\n<link rel=\"stylesheet\" href=\"css\/bootstrap.min.css\">\n\n\n<ul class=\"pagination\">\n\t    \n\t\n\n<li >\n\t<a href='?page_no=9181'>Previous<\/a>\n\t<\/li>\n\n\n       \n    \n\n<li><a href='?page_no=1'>1<\/a><\/li>\n\n\n\n<li><a href='?page_no=2'>2<\/a><\/li>\n\n\n\n<li><a>...<\/a><\/li>\n\n\n\n<li><a href='?page_no=9180'>9180<\/a><\/li>\n\n\n\n<li><a href='?page_no=9181'>9181<\/a><\/li>\n\n\n\n<li class='active'><a>9182<\/a><\/li>\n\n\n\n<li><a href='?page_no=9183'>9183<\/a><\/li>\n\n\n\n<li><a href='?page_no=9184'>9184<\/a><\/li>\n\n\n\n<li><a>...<\/a><\/li>\n\n\n\n<li><a href='?page_no=36618'>36618<\/a><\/li>\n\n\n\n<li><a href='?page_no=36619'>36619<\/a><\/li>\n\n    \n\t\n\n<li >\n\t<a href='?page_no=9183'>Next<\/a>\n\t<\/li>\n\n\n    \n\n<li><a href='?page_no=36619'>Last &rsaquo;&rsaquo;<\/a><\/li>\n\n<\/ul>\n\n\n--><br \/>\n<\/body><\/p>\n","protected":false},"excerpt":{"rendered":"<p>Santo Domingo, 4 de abril.- El presidente Danilo Medina felicit\u00f3 a los premiados en la gala de la Asociaci\u00f3n de Cronistas Deportivos (ACD). En la ceremonia fueron reconocidos diez atletas por su destacada labor durante el a\u00f1o 2016. En cartas separadas el jefe de Estado congratul\u00f3, en nombre suyo y del Gobierno, a todos los [&hellip;]<\/p>\n","protected":false},"author":3,"featured_media":0,"comment_status":"open","ping_status":"open","sticky":false,"template":"","format":"standard","meta":{"footnotes":""},"categories":[17],"tags":[],"class_list":["post-209928","post","type-post","status-publish","format-standard","hentry","category-deportes"],"_links":{"self":[{"href":"https:\/\/diariodominicano.com\/index.php?rest_route=\/wp\/v2\/posts\/209928","targetHints":{"allow":["GET"]}}],"collection":[{"href":"https:\/\/diariodominicano.com\/index.php?rest_route=\/wp\/v2\/posts"}],"about":[{"href":"https:\/\/diariodominicano.com\/index.php?rest_route=\/wp\/v2\/types\/post"}],"author":[{"embeddable":true,"href":"https:\/\/diariodominicano.com\/index.php?rest_route=\/wp\/v2\/users\/3"}],"replies":[{"embeddable":true,"href":"https:\/\/diariodominicano.com\/index.php?rest_route=%2Fwp%2Fv2%2Fcomments&post=209928"}],"version-history":[{"count":0,"href":"https:\/\/diariodominicano.com\/index.php?rest_route=\/wp\/v2\/posts\/209928\/revisions"}],"wp:attachment":[{"href":"https:\/\/diariodominicano.com\/index.php?rest_route=%2Fwp%2Fv2%2Fmedia&parent=209928"}],"wp:term":[{"taxonomy":"category","embeddable":true,"href":"https:\/\/diariodominicano.com\/index.php?rest_route=%2Fwp%2Fv2%2Fcategories&post=209928"},{"taxonomy":"post_tag","embeddable":true,"href":"https:\/\/diariodominicano.com\/index.php?rest_route=%2Fwp%2Fv2%2Ftags&post=209928"}],"curies":[{"name":"wp","href":"https:\/\/api.w.org\/{rel}","templated":true}]}}