{"id":209924,"date":"2017-04-04T16:25:30","date_gmt":"2017-04-04T16:25:30","guid":{"rendered":"http:\/\/diariodominicano.ddns.net\/?p=209924"},"modified":"2017-04-04T16:25:30","modified_gmt":"2017-04-04T16:25:30","slug":"el-infielder-christian-colon-esta-feliz-por-quedarse-en-los-reales","status":"publish","type":"post","link":"https:\/\/diariodominicano.com\/?p=209924","title":{"rendered":"El infielder Christian Col\u00f3n est\u00e1 feliz por quedarse en los Reales"},"content":{"rendered":"<p><body><\/p>\n<p><img decoding=\"async\" src=\"img3\/Colon4.jpg\" \/>  <\/p>\n<p>Por Jeffrey Flanagan \/ MLB.com <\/p>\n<p>MINNEAPOLIS &#8212; El infielder puertorrique\u00f1o de los Reales, Christian Col\u00f3n, respir\u00f3 finalmente cuando le informaron que hab\u00eda sido incluido en el roster de 25 peloteros del club.<\/p>\n<\/p>\n<p>Despu\u00e9s que el dominicano Ra\u00fal Mondes\u00ed Jr. fue nombrado segunda base del equipo a principios de la semana pasada, la pelea por el \u00faltimo puesto estaba entre Col\u00f3n o Whit Merrifield, quien fue enviado a Triple-A. Col\u00f3n no tiene m\u00e1s opciones.<\/p>\n<\/p>\n<p>\u00abClaro, es un alivio\u00bb, dijo Col\u00f3n. \u00abEra entre yo y White. Me siento tranquilo al saber que sigo en este grupo y puedo ayudarnos a ganar\u00bb.<\/p>\n<p>A Col\u00f3n se le pasaron muchas cosas por la cabeza la semana pasada.<\/p>\n<\/p>\n<p>\u00abYo me estaba preparando para lo que pasase, sea que me cambiaran a otro equipo o que pasase por waivers y me enviasen a Triple-A, o que hiciese el equipo\u00bb, dijo Col\u00f3n. \u00abMi familia estaba preparada para lo que fuese. Esto le pasa a muchos peloteros. Le doy las gracias al cuerpo t\u00e9cnico y a todos de que sigo aqu\u00ed\u00bb.<\/p>\n<\/p>\n<p>Sin embargo, a Col\u00f3n le gustar\u00eda ser regular.<\/p>\n<p>\u00abYo siempre voy a buscar jugar todos los d\u00edas\u00bb, dijo. \u00abYo pienso que puedo hacerlo. Dicho eso, este es mi rol ahora. Pongo mi ego a un lado y ayudar\u00e9 al equipo\u00bb.<\/p>\n<h6> 2017-04-04 16:25:30 <\/h6>\n<p><!--\n<link rel=\"stylesheet\" href=\"css\/bootstrap.min.css\">\n\n\n<ul class=\"pagination\">\n\t    \n\t\n\n<li >\n\t<a href='?page_no=9178'>Previous<\/a>\n\t<\/li>\n\n\n       \n    \n\n<li><a href='?page_no=1'>1<\/a><\/li>\n\n\n\n<li><a href='?page_no=2'>2<\/a><\/li>\n\n\n\n<li><a>...<\/a><\/li>\n\n\n\n<li><a href='?page_no=9177'>9177<\/a><\/li>\n\n\n\n<li><a href='?page_no=9178'>9178<\/a><\/li>\n\n\n\n<li class='active'><a>9179<\/a><\/li>\n\n\n\n<li><a href='?page_no=9180'>9180<\/a><\/li>\n\n\n\n<li><a href='?page_no=9181'>9181<\/a><\/li>\n\n\n\n<li><a>...<\/a><\/li>\n\n\n\n<li><a href='?page_no=36618'>36618<\/a><\/li>\n\n\n\n<li><a href='?page_no=36619'>36619<\/a><\/li>\n\n    \n\t\n\n<li >\n\t<a href='?page_no=9180'>Next<\/a>\n\t<\/li>\n\n\n    \n\n<li><a href='?page_no=36619'>Last &rsaquo;&rsaquo;<\/a><\/li>\n\n<\/ul>\n\n\n--><br \/>\n<\/body><\/p>\n","protected":false},"excerpt":{"rendered":"<p>Por Jeffrey Flanagan \/ MLB.com MINNEAPOLIS &#8212; El infielder puertorrique\u00f1o de los Reales, Christian Col\u00f3n, respir\u00f3 finalmente cuando le informaron que hab\u00eda sido incluido en el roster de 25 peloteros del club. Despu\u00e9s que el dominicano Ra\u00fal Mondes\u00ed Jr. fue nombrado segunda base del equipo a principios de la semana pasada, la pelea por el [&hellip;]<\/p>\n","protected":false},"author":3,"featured_media":0,"comment_status":"open","ping_status":"open","sticky":false,"template":"","format":"standard","meta":{"footnotes":""},"categories":[17],"tags":[],"class_list":["post-209924","post","type-post","status-publish","format-standard","hentry","category-deportes"],"_links":{"self":[{"href":"https:\/\/diariodominicano.com\/index.php?rest_route=\/wp\/v2\/posts\/209924","targetHints":{"allow":["GET"]}}],"collection":[{"href":"https:\/\/diariodominicano.com\/index.php?rest_route=\/wp\/v2\/posts"}],"about":[{"href":"https:\/\/diariodominicano.com\/index.php?rest_route=\/wp\/v2\/types\/post"}],"author":[{"embeddable":true,"href":"https:\/\/diariodominicano.com\/index.php?rest_route=\/wp\/v2\/users\/3"}],"replies":[{"embeddable":true,"href":"https:\/\/diariodominicano.com\/index.php?rest_route=%2Fwp%2Fv2%2Fcomments&post=209924"}],"version-history":[{"count":0,"href":"https:\/\/diariodominicano.com\/index.php?rest_route=\/wp\/v2\/posts\/209924\/revisions"}],"wp:attachment":[{"href":"https:\/\/diariodominicano.com\/index.php?rest_route=%2Fwp%2Fv2%2Fmedia&parent=209924"}],"wp:term":[{"taxonomy":"category","embeddable":true,"href":"https:\/\/diariodominicano.com\/index.php?rest_route=%2Fwp%2Fv2%2Fcategories&post=209924"},{"taxonomy":"post_tag","embeddable":true,"href":"https:\/\/diariodominicano.com\/index.php?rest_route=%2Fwp%2Fv2%2Ftags&post=209924"}],"curies":[{"name":"wp","href":"https:\/\/api.w.org\/{rel}","templated":true}]}}