{"id":209915,"date":"2017-04-05T13:45:38","date_gmt":"2017-04-05T13:45:38","guid":{"rendered":"http:\/\/diariodominicano.ddns.net\/?p=209915"},"modified":"2017-04-05T13:45:38","modified_gmt":"2017-04-05T13:45:38","slug":"iran-organizara-torneo-paralimpico-asiatico-de-tiro-con-arco","status":"publish","type":"post","link":"https:\/\/diariodominicano.com\/?p=209915","title":{"rendered":"Ir\u00e1n organizar\u00e1 torneo paral\u00edmpico asi\u00e1tico de tiro con arco"},"content":{"rendered":"<p><body><\/p>\n<p><span class=\"text1noticias\"> TEHERAN, 5 abr (Xinhua) &#8212; Ir\u00e1n organizar\u00e1 este a\u00f1o la primera edici\u00f3n del Torneo Asi\u00e1tico Paral\u00edmpico de Tiro con Arco, inform\u00f3 hoy Press TV.<\/span><\/p>\n<p><span class=\"text1noticias\"> <\/span><\/p>\n<p><span class=\"text1noticias\">     El presidente de la Asociaci\u00f3n Paral\u00edmpica de Tiro con Arco del Comit\u00e9 Paral\u00edmpico Nacional de la Rep\u00fablica Isl\u00e1mica de Ir\u00e1n, Majid Kahtari, dijo que la Federaci\u00f3n de Tiro con Arco Mundial aprob\u00f3 la organizaci\u00f3n de la competencia luego de negociaciones prolongadas entre funcionarios deportivos iran\u00edes y las autoridades de la federaci\u00f3n.<\/span><\/p>\n<p><span class=\"text1noticias\"> <\/span><\/p>\n<p><span class=\"text1noticias\">     Kahtari agreg\u00f3 que se tiene previsto que la primera edici\u00f3n de la competencia empiece en la capital iran\u00ed, Teher\u00e1n, el 6 de noviembre y concluya el 11 de noviembre de 2017.<\/span><\/p>\n<p><span class=\"text1noticias\"> <\/span><\/p>\n<p><span class=\"text1noticias\">     El funcionario dijo que Ir\u00e1n har\u00e1 su mejor esfuerzo para organizar el evento de la mejor manera posible y que espera que la competencia sea agregada al calendario de tiro con arco paral\u00edmpico mundi<\/span>al.<\/p>\n<h6> 2017-04-05 13:45:38 <\/h6>\n<p><!--\n<link rel=\"stylesheet\" href=\"css\/bootstrap.min.css\">\n\n\n<ul class=\"pagination\">\n\t    \n\t\n\n<li >\n\t<a href='?page_no=9169'>Previous<\/a>\n\t<\/li>\n\n\n       \n    \n\n<li><a href='?page_no=1'>1<\/a><\/li>\n\n\n\n<li><a href='?page_no=2'>2<\/a><\/li>\n\n\n\n<li><a>...<\/a><\/li>\n\n\n\n<li><a href='?page_no=9168'>9168<\/a><\/li>\n\n\n\n<li><a href='?page_no=9169'>9169<\/a><\/li>\n\n\n\n<li class='active'><a>9170<\/a><\/li>\n\n\n\n<li><a href='?page_no=9171'>9171<\/a><\/li>\n\n\n\n<li><a href='?page_no=9172'>9172<\/a><\/li>\n\n\n\n<li><a>...<\/a><\/li>\n\n\n\n<li><a href='?page_no=36618'>36618<\/a><\/li>\n\n\n\n<li><a href='?page_no=36619'>36619<\/a><\/li>\n\n    \n\t\n\n<li >\n\t<a href='?page_no=9171'>Next<\/a>\n\t<\/li>\n\n\n    \n\n<li><a href='?page_no=36619'>Last &rsaquo;&rsaquo;<\/a><\/li>\n\n<\/ul>\n\n\n--><br \/>\n<\/body><\/p>\n","protected":false},"excerpt":{"rendered":"<p>TEHERAN, 5 abr (Xinhua) &#8212; Ir\u00e1n organizar\u00e1 este a\u00f1o la primera edici\u00f3n del Torneo Asi\u00e1tico Paral\u00edmpico de Tiro con Arco, inform\u00f3 hoy Press TV. El presidente de la Asociaci\u00f3n Paral\u00edmpica de Tiro con Arco del Comit\u00e9 Paral\u00edmpico Nacional de la Rep\u00fablica Isl\u00e1mica de Ir\u00e1n, Majid Kahtari, dijo que la Federaci\u00f3n de Tiro con Arco Mundial [&hellip;]<\/p>\n","protected":false},"author":3,"featured_media":0,"comment_status":"open","ping_status":"open","sticky":false,"template":"","format":"standard","meta":{"footnotes":""},"categories":[17],"tags":[],"class_list":["post-209915","post","type-post","status-publish","format-standard","hentry","category-deportes"],"_links":{"self":[{"href":"https:\/\/diariodominicano.com\/index.php?rest_route=\/wp\/v2\/posts\/209915","targetHints":{"allow":["GET"]}}],"collection":[{"href":"https:\/\/diariodominicano.com\/index.php?rest_route=\/wp\/v2\/posts"}],"about":[{"href":"https:\/\/diariodominicano.com\/index.php?rest_route=\/wp\/v2\/types\/post"}],"author":[{"embeddable":true,"href":"https:\/\/diariodominicano.com\/index.php?rest_route=\/wp\/v2\/users\/3"}],"replies":[{"embeddable":true,"href":"https:\/\/diariodominicano.com\/index.php?rest_route=%2Fwp%2Fv2%2Fcomments&post=209915"}],"version-history":[{"count":0,"href":"https:\/\/diariodominicano.com\/index.php?rest_route=\/wp\/v2\/posts\/209915\/revisions"}],"wp:attachment":[{"href":"https:\/\/diariodominicano.com\/index.php?rest_route=%2Fwp%2Fv2%2Fmedia&parent=209915"}],"wp:term":[{"taxonomy":"category","embeddable":true,"href":"https:\/\/diariodominicano.com\/index.php?rest_route=%2Fwp%2Fv2%2Fcategories&post=209915"},{"taxonomy":"post_tag","embeddable":true,"href":"https:\/\/diariodominicano.com\/index.php?rest_route=%2Fwp%2Fv2%2Ftags&post=209915"}],"curies":[{"name":"wp","href":"https:\/\/api.w.org\/{rel}","templated":true}]}}