{"id":209904,"date":"2017-04-06T13:38:49","date_gmt":"2017-04-06T13:38:49","guid":{"rendered":"http:\/\/diariodominicano.ddns.net\/?p=209904"},"modified":"2017-04-06T13:38:49","modified_gmt":"2017-04-06T13:38:49","slug":"brasil-vuelve-a-liderar-ranking-fifa-siete-anos-despues","status":"publish","type":"post","link":"https:\/\/diariodominicano.com\/?p=209904","title":{"rendered":"Brasil vuelve a liderar ranking FIFA, siete a\u00f1os despu\u00e9s"},"content":{"rendered":"<p><body><\/p>\n<p><img decoding=\"async\" src=\"img3\/brasil-futbol6.jpg\" \/>  <\/p>\n<p><span class=\"text1noticias\">Z\u00farich, Suiza, 6 abr (PL) Luego de siete a\u00f1os de espera, la selecci\u00f3n brasile\u00f1a de f\u00fatbol recuper\u00f3 hoy el primer lugar en el ranking mundial de la disciplina.<\/span><\/p>\n<p><span class=\"text1noticias\"> <\/span><\/p>\n<p><span class=\"text1noticias\">Brasil alcanz\u00f3 el primer lugar gracias a la formidable campa\u00f1a realizada desde que asumi\u00f3 el entrenador Tite, quien ha ganado los nueve partidos disputados con la &#8216;Canarinha&#8217; desde agosto del a\u00f1o pasado.<\/span><\/p>\n<p><span class=\"text1noticias\"> <\/span><\/p>\n<p><span class=\"text1noticias\">Gracias a esos resultados, el combinado pentacampe\u00f3n del mundo es el primero en garantizar un lugar para el Mundial de Rusia-2018 y suma mil 661 puntos, con lo cual desplaz\u00f3 a Argentina al segundo lugar.<\/span><\/p>\n<p><span class=\"text1noticias\"> <\/span><\/p>\n<p><span class=\"text1noticias\">Ha sido una progresi\u00f3n indetenible de los auriverdes, pues en agosto del a\u00f1o pasado se ubicaban en el noveno lugar del ranking.<\/span><\/p>\n<p><span class=\"text1noticias\"> <\/span><\/p>\n<p><span class=\"text1noticias\">Con mil 603 unidades, Argentina ocupa la segunda posici\u00f3n, y la tercera es para el combinado de Alemania, actual campe\u00f3n del mundo, que reuni\u00f3 mil 464 puntos.<\/span><\/p>\n<p><span class=\"text1noticias\"> <\/span><\/p>\n<p><span class=\"text1noticias\">Por Latinoam\u00e9rica tambi\u00e9n est\u00e1n en el top-10 Chile, cuarto con mil 403 rayas, y Colombia, quinto con mil 348, y tambi\u00e9n con buenas ubicaciones aparecen Uruguay (lugar 15), M\u00e9xico (16), Per\u00fa (17), Costa Rica (20) y Ecuador (25).<\/span><\/p>\n<p><span class=\"text1noticias\"> <\/span><\/p>\n<p><span class=\"text1noticias\">Top-10 de la clasificaci\u00f3n FIFA y latino-caribe\u00f1os entre los 100 primeros: <\/span><\/p>\n<p><span class=\"text1noticias\"> <\/span><\/p>\n<p><span class=\"text1noticias\">.1. Brasil 1 661 puntos <\/span><\/p>\n<p><span class=\"text1noticias\"> <\/span><\/p>\n<p><span class=\"text1noticias\">.2. Argentina 1 603 <\/span><\/p>\n<p><span class=\"text1noticias\"> <\/span><\/p>\n<p><span class=\"text1noticias\">.3. Alemania 1 464 <\/span><\/p>\n<p><span class=\"text1noticias\"> <\/span><\/p>\n<p><span class=\"text1noticias\">.4. Chile 1 403 <\/span><\/p>\n<p><span class=\"text1noticias\"> <\/span><\/p>\n<p><span class=\"text1noticias\">.5. Colombia 1 348 <\/span><\/p>\n<p><span class=\"text1noticias\"> <\/span><\/p>\n<p><span class=\"text1noticias\">.6. Francia 1 294 <\/span><\/p>\n<p><span class=\"text1noticias\"> <\/span><\/p>\n<p><span class=\"text1noticias\">.7. B\u00e9lgica 1 281 <\/span><\/p>\n<p><span class=\"text1noticias\"> <\/span><\/p>\n<p><span class=\"text1noticias\">.8. Portugal 1 259 <\/span><\/p>\n<p><span class=\"text1noticias\"> <\/span><\/p>\n<p><span class=\"text1noticias\">.9. Suiza 1 212 <\/span><\/p>\n<p><span class=\"text1noticias\"> <\/span><\/p>\n<p><span class=\"text1noticias\">10. Espa\u00f1a 1 204 <\/span><\/p>\n<p><span class=\"text1noticias\"> <\/span><\/p>\n<p><span class=\"text1noticias\">&#8230;<\/span><\/p>\n<p><span class=\"text1noticias\"> <\/span><\/p>\n<p><span class=\"text1noticias\">15. Uruguay 1 097 <\/span><\/p>\n<p><span class=\"text1noticias\"> <\/span><\/p>\n<p><span class=\"text1noticias\">16. M\u00e9xico 1 072 <\/span><\/p>\n<p><span class=\"text1noticias\"> <\/span><\/p>\n<p><span class=\"text1noticias\">17. Per\u00fa 1 042 <\/span><\/p>\n<p><span class=\"text1noticias\"> <\/span><\/p>\n<p><span class=\"text1noticias\">20. Costa Rica 902 <\/span><\/p>\n<p><span class=\"text1noticias\"> <\/span><\/p>\n<p><span class=\"text1noticias\">25. Ecuador 839 <\/span><\/p>\n<p><span class=\"text1noticias\"> <\/span><\/p>\n<p><span class=\"text1noticias\">38. Paraguay 738 <\/span><\/p>\n<p><span class=\"text1noticias\"> <\/span><\/p>\n<p><span class=\"text1noticias\">57. Panam\u00e1 607 <\/span><\/p>\n<p><span class=\"text1noticias\"> <\/span><\/p>\n<p><span class=\"text1noticias\">58. Venezuela 595 <\/span><\/p>\n<p><span class=\"text1noticias\"> <\/span><\/p>\n<p><span class=\"text1noticias\">65. Hait\u00ed 537 <\/span><\/p>\n<p><span class=\"text1noticias\"> <\/span><\/p>\n<p><span class=\"text1noticias\">68. Honduras 524 <\/span><\/p>\n<p><span class=\"text1noticias\"> <\/span><\/p>\n<p><span class=\"text1noticias\">70. Curazao 492 <\/span><\/p>\n<p><span class=\"text1noticias\"> <\/span><\/p>\n<p><span class=\"text1noticias\">73. Jamaica 458 <\/span><\/p>\n<p><span class=\"text1noticias\"> <\/span><\/p>\n<p><span class=\"text1noticias\">74. Bolivia 453 <\/span><\/p>\n<p><span class=\"text1noticias\"> <\/span><\/p>\n<p><span class=\"text1noticias\">76. Trinidad y Tobago 446 <\/span><\/p>\n<p><span class=\"text1noticias\"> <\/span><\/p>\n<p><span class=\"text1noticias\">92. Guatemala 352 <\/span><\/p>\n<p><span class=\"text1noticias\"> <\/span><\/p>\n<p><span class=\"text1noticias\">93. Antigua y Barbuda 349 <\/span><\/p>\n<\/p>\n<p>99. San Crist\u00f3bal y Nieves 334.<\/p>\n<h6> 2017-04-06 13:38:49 <\/h6>\n<p><!--\n<link rel=\"stylesheet\" href=\"css\/bootstrap.min.css\">\n\n\n<ul class=\"pagination\">\n\t    \n\t\n\n<li >\n\t<a href='?page_no=9159'>Previous<\/a>\n\t<\/li>\n\n\n       \n    \n\n<li><a href='?page_no=1'>1<\/a><\/li>\n\n\n\n<li><a href='?page_no=2'>2<\/a><\/li>\n\n\n\n<li><a>...<\/a><\/li>\n\n\n\n<li><a href='?page_no=9158'>9158<\/a><\/li>\n\n\n\n<li><a href='?page_no=9159'>9159<\/a><\/li>\n\n\n\n<li class='active'><a>9160<\/a><\/li>\n\n\n\n<li><a href='?page_no=9161'>9161<\/a><\/li>\n\n\n\n<li><a href='?page_no=9162'>9162<\/a><\/li>\n\n\n\n<li><a>...<\/a><\/li>\n\n\n\n<li><a href='?page_no=36618'>36618<\/a><\/li>\n\n\n\n<li><a href='?page_no=36619'>36619<\/a><\/li>\n\n    \n\t\n\n<li >\n\t<a href='?page_no=9161'>Next<\/a>\n\t<\/li>\n\n\n    \n\n<li><a href='?page_no=36619'>Last &rsaquo;&rsaquo;<\/a><\/li>\n\n<\/ul>\n\n\n--><br \/>\n<\/body><\/p>\n","protected":false},"excerpt":{"rendered":"<p>Z\u00farich, Suiza, 6 abr (PL) Luego de siete a\u00f1os de espera, la selecci\u00f3n brasile\u00f1a de f\u00fatbol recuper\u00f3 hoy el primer lugar en el ranking mundial de la disciplina. Brasil alcanz\u00f3 el primer lugar gracias a la formidable campa\u00f1a realizada desde que asumi\u00f3 el entrenador Tite, quien ha ganado los nueve partidos disputados con la &#8216;Canarinha&#8217; [&hellip;]<\/p>\n","protected":false},"author":3,"featured_media":0,"comment_status":"open","ping_status":"open","sticky":false,"template":"","format":"standard","meta":{"footnotes":""},"categories":[17],"tags":[],"class_list":["post-209904","post","type-post","status-publish","format-standard","hentry","category-deportes"],"_links":{"self":[{"href":"https:\/\/diariodominicano.com\/index.php?rest_route=\/wp\/v2\/posts\/209904","targetHints":{"allow":["GET"]}}],"collection":[{"href":"https:\/\/diariodominicano.com\/index.php?rest_route=\/wp\/v2\/posts"}],"about":[{"href":"https:\/\/diariodominicano.com\/index.php?rest_route=\/wp\/v2\/types\/post"}],"author":[{"embeddable":true,"href":"https:\/\/diariodominicano.com\/index.php?rest_route=\/wp\/v2\/users\/3"}],"replies":[{"embeddable":true,"href":"https:\/\/diariodominicano.com\/index.php?rest_route=%2Fwp%2Fv2%2Fcomments&post=209904"}],"version-history":[{"count":0,"href":"https:\/\/diariodominicano.com\/index.php?rest_route=\/wp\/v2\/posts\/209904\/revisions"}],"wp:attachment":[{"href":"https:\/\/diariodominicano.com\/index.php?rest_route=%2Fwp%2Fv2%2Fmedia&parent=209904"}],"wp:term":[{"taxonomy":"category","embeddable":true,"href":"https:\/\/diariodominicano.com\/index.php?rest_route=%2Fwp%2Fv2%2Fcategories&post=209904"},{"taxonomy":"post_tag","embeddable":true,"href":"https:\/\/diariodominicano.com\/index.php?rest_route=%2Fwp%2Fv2%2Ftags&post=209904"}],"curies":[{"name":"wp","href":"https:\/\/api.w.org\/{rel}","templated":true}]}}