{"id":209901,"date":"2017-04-06T14:00:29","date_gmt":"2017-04-06T14:00:29","guid":{"rendered":"http:\/\/diariodominicano.ddns.net\/?p=209901"},"modified":"2017-04-06T14:00:29","modified_gmt":"2017-04-06T14:00:29","slug":"informe-derek-jeter-expresa-interes-en-la-compra-de-los-marlins","status":"publish","type":"post","link":"https:\/\/diariodominicano.com\/?p=209901","title":{"rendered":"Informe: Derek Jeter expresa inter\u00e9s en la compra de los Marlins"},"content":{"rendered":"<p><body><\/p>\n<p><img decoding=\"async\" src=\"img3\/Derek6.jpg\" \/>  <\/p>\n<p><span class=\"text1noticias\">Por Bryan Hoch \/ MLB.com<\/span><\/p>\n<p><span class=\"text1noticias\"> <\/span><\/p>\n<p><span class=\"text1noticias\">ST. PETERSBURG, 6 de abril, 2017&#8211; El ex capit\u00e1n de los Yankees, Derek Jeter, es parte de un grupo que ha expresado inter\u00e9s en comprar a los Marlins, seg\u00fan inform\u00f3 FOX Business.<\/span><\/p>\n<p><span class=\"text1noticias\"> <\/span><\/p>\n<p><span class=\"text1noticias\">El informe tambi\u00e9n indic\u00f3 que Jeter es representado por el ex director de una agencia de inversiones Gregory Fleming durante las negociaciones con el presidente de los Peces, David Samson.<\/span><\/p>\n<\/p>\n<p><span class=\"text1noticias\">\u00abMe gustar\u00eda ser parte de un grupo de propietarios\u00bb, manifest\u00f3 Jeter en el 2014. \u00abMe gustar\u00eda ser due\u00f1o de un equipo. No quiero ser manager, coach, ni nada por el estilo. El itinerario de viajes es muy agitado y lo he hecho por un buen tiempo. Por eso no quiero estar involucrado en eso tanto y espero alg\u00fan d\u00eda estar en una posici\u00f3n en la que pueda tomar todas las decisiones\u00bb.<\/span><\/p>\n<\/p>\n<p><span class=\"text1noticias\">Jeter ha dicho que como directivo incorporar\u00eda algunos &#8212; pero no todos &#8212; los aspectos de sus a\u00f1os bajo la gerencia del fallecido due\u00f1o de los Bombarderos, George M. Steinbrenne<\/span>r.<\/p>\n<h6> 2017-04-06 14:00:29 <\/h6>\n<p><!--\n<link rel=\"stylesheet\" href=\"css\/bootstrap.min.css\">\n\n\n<ul class=\"pagination\">\n\t    \n\t\n\n<li >\n\t<a href='?page_no=9157'>Previous<\/a>\n\t<\/li>\n\n\n       \n    \n\n<li><a href='?page_no=1'>1<\/a><\/li>\n\n\n\n<li><a href='?page_no=2'>2<\/a><\/li>\n\n\n\n<li><a>...<\/a><\/li>\n\n\n\n<li><a href='?page_no=9156'>9156<\/a><\/li>\n\n\n\n<li><a href='?page_no=9157'>9157<\/a><\/li>\n\n\n\n<li class='active'><a>9158<\/a><\/li>\n\n\n\n<li><a href='?page_no=9159'>9159<\/a><\/li>\n\n\n\n<li><a href='?page_no=9160'>9160<\/a><\/li>\n\n\n\n<li><a>...<\/a><\/li>\n\n\n\n<li><a href='?page_no=36618'>36618<\/a><\/li>\n\n\n\n<li><a href='?page_no=36619'>36619<\/a><\/li>\n\n    \n\t\n\n<li >\n\t<a href='?page_no=9159'>Next<\/a>\n\t<\/li>\n\n\n    \n\n<li><a href='?page_no=36619'>Last &rsaquo;&rsaquo;<\/a><\/li>\n\n<\/ul>\n\n\n--><br \/>\n<\/body><\/p>\n","protected":false},"excerpt":{"rendered":"<p>Por Bryan Hoch \/ MLB.com ST. PETERSBURG, 6 de abril, 2017&#8211; El ex capit\u00e1n de los Yankees, Derek Jeter, es parte de un grupo que ha expresado inter\u00e9s en comprar a los Marlins, seg\u00fan inform\u00f3 FOX Business. El informe tambi\u00e9n indic\u00f3 que Jeter es representado por el ex director de una agencia de inversiones Gregory [&hellip;]<\/p>\n","protected":false},"author":3,"featured_media":0,"comment_status":"open","ping_status":"open","sticky":false,"template":"","format":"standard","meta":{"footnotes":""},"categories":[17],"tags":[],"class_list":["post-209901","post","type-post","status-publish","format-standard","hentry","category-deportes"],"_links":{"self":[{"href":"https:\/\/diariodominicano.com\/index.php?rest_route=\/wp\/v2\/posts\/209901","targetHints":{"allow":["GET"]}}],"collection":[{"href":"https:\/\/diariodominicano.com\/index.php?rest_route=\/wp\/v2\/posts"}],"about":[{"href":"https:\/\/diariodominicano.com\/index.php?rest_route=\/wp\/v2\/types\/post"}],"author":[{"embeddable":true,"href":"https:\/\/diariodominicano.com\/index.php?rest_route=\/wp\/v2\/users\/3"}],"replies":[{"embeddable":true,"href":"https:\/\/diariodominicano.com\/index.php?rest_route=%2Fwp%2Fv2%2Fcomments&post=209901"}],"version-history":[{"count":0,"href":"https:\/\/diariodominicano.com\/index.php?rest_route=\/wp\/v2\/posts\/209901\/revisions"}],"wp:attachment":[{"href":"https:\/\/diariodominicano.com\/index.php?rest_route=%2Fwp%2Fv2%2Fmedia&parent=209901"}],"wp:term":[{"taxonomy":"category","embeddable":true,"href":"https:\/\/diariodominicano.com\/index.php?rest_route=%2Fwp%2Fv2%2Fcategories&post=209901"},{"taxonomy":"post_tag","embeddable":true,"href":"https:\/\/diariodominicano.com\/index.php?rest_route=%2Fwp%2Fv2%2Ftags&post=209901"}],"curies":[{"name":"wp","href":"https:\/\/api.w.org\/{rel}","templated":true}]}}