{"id":209900,"date":"2017-04-06T14:06:30","date_gmt":"2017-04-06T14:06:30","guid":{"rendered":"http:\/\/diariodominicano.ddns.net\/?p=209900"},"modified":"2017-04-06T14:06:30","modified_gmt":"2017-04-06T14:06:30","slug":"medias-rojas-suben-a-noe-ramirez-matt-barnes-a-lista-de-inactivos","status":"publish","type":"post","link":"https:\/\/diariodominicano.com\/?p=209900","title":{"rendered":"Medias Rojas suben a No\u00e9 Ram\u00edrez; Matt Barnes a lista de inactivos"},"content":{"rendered":"<p><body><\/p>\n<p><span class=\"text1noticias\">Por Joe Trezza \/ MLB.com<\/span><\/p>\n<p><span class=\"text1noticias\"> <\/span><\/p>\n<p><span class=\"text1noticias\">Boston, 6 de abril, 2017.- Los Medias Rojas colocaron al relevista Matt Barnes en la lista de jugadores inactivos el mi\u00e9rcoles, y subieron al relevista No\u00e9 Ram\u00edrez desde Triple-A Pawtucket en una maniobra correspondiente.<\/span><\/p>\n<p><span class=\"text1noticias\"> <\/span><\/p>\n<p><span class=\"text1noticias\">Barnes, quien lider\u00f3 a los Medias Rojas en presentaciones en relevo en 2016, vio acci\u00f3n en los primeros dos encuentros de Boston esta campa\u00f1a. El diestro registr\u00f3 efectividad de 4.05 en 62 presentaciones en 2016.<\/span><\/p>\n<\/p>\n<p><span class=\"text1noticias\">Ram\u00edrez tiene 5.19 de EFE en 31 presentaciones de por vida, todas desde el bullpen de Boston en las \u00faltimas dos temporada<\/span>s.<\/p>\n<h6> 2017-04-06 14:06:30 <\/h6>\n<p><!--\n<link rel=\"stylesheet\" href=\"css\/bootstrap.min.css\">\n\n\n<ul class=\"pagination\">\n\t    \n\t\n\n<li >\n\t<a href='?page_no=9156'>Previous<\/a>\n\t<\/li>\n\n\n       \n    \n\n<li><a href='?page_no=1'>1<\/a><\/li>\n\n\n\n<li><a href='?page_no=2'>2<\/a><\/li>\n\n\n\n<li><a>...<\/a><\/li>\n\n\n\n<li><a href='?page_no=9155'>9155<\/a><\/li>\n\n\n\n<li><a href='?page_no=9156'>9156<\/a><\/li>\n\n\n\n<li class='active'><a>9157<\/a><\/li>\n\n\n\n<li><a href='?page_no=9158'>9158<\/a><\/li>\n\n\n\n<li><a href='?page_no=9159'>9159<\/a><\/li>\n\n\n\n<li><a>...<\/a><\/li>\n\n\n\n<li><a href='?page_no=36618'>36618<\/a><\/li>\n\n\n\n<li><a href='?page_no=36619'>36619<\/a><\/li>\n\n    \n\t\n\n<li >\n\t<a href='?page_no=9158'>Next<\/a>\n\t<\/li>\n\n\n    \n\n<li><a href='?page_no=36619'>Last &rsaquo;&rsaquo;<\/a><\/li>\n\n<\/ul>\n\n\n--><br \/>\n<\/body><\/p>\n","protected":false},"excerpt":{"rendered":"<p>Por Joe Trezza \/ MLB.com Boston, 6 de abril, 2017.- Los Medias Rojas colocaron al relevista Matt Barnes en la lista de jugadores inactivos el mi\u00e9rcoles, y subieron al relevista No\u00e9 Ram\u00edrez desde Triple-A Pawtucket en una maniobra correspondiente. Barnes, quien lider\u00f3 a los Medias Rojas en presentaciones en relevo en 2016, vio acci\u00f3n en [&hellip;]<\/p>\n","protected":false},"author":3,"featured_media":0,"comment_status":"open","ping_status":"open","sticky":false,"template":"","format":"standard","meta":{"footnotes":""},"categories":[17],"tags":[],"class_list":["post-209900","post","type-post","status-publish","format-standard","hentry","category-deportes"],"_links":{"self":[{"href":"https:\/\/diariodominicano.com\/index.php?rest_route=\/wp\/v2\/posts\/209900","targetHints":{"allow":["GET"]}}],"collection":[{"href":"https:\/\/diariodominicano.com\/index.php?rest_route=\/wp\/v2\/posts"}],"about":[{"href":"https:\/\/diariodominicano.com\/index.php?rest_route=\/wp\/v2\/types\/post"}],"author":[{"embeddable":true,"href":"https:\/\/diariodominicano.com\/index.php?rest_route=\/wp\/v2\/users\/3"}],"replies":[{"embeddable":true,"href":"https:\/\/diariodominicano.com\/index.php?rest_route=%2Fwp%2Fv2%2Fcomments&post=209900"}],"version-history":[{"count":0,"href":"https:\/\/diariodominicano.com\/index.php?rest_route=\/wp\/v2\/posts\/209900\/revisions"}],"wp:attachment":[{"href":"https:\/\/diariodominicano.com\/index.php?rest_route=%2Fwp%2Fv2%2Fmedia&parent=209900"}],"wp:term":[{"taxonomy":"category","embeddable":true,"href":"https:\/\/diariodominicano.com\/index.php?rest_route=%2Fwp%2Fv2%2Fcategories&post=209900"},{"taxonomy":"post_tag","embeddable":true,"href":"https:\/\/diariodominicano.com\/index.php?rest_route=%2Fwp%2Fv2%2Ftags&post=209900"}],"curies":[{"name":"wp","href":"https:\/\/api.w.org\/{rel}","templated":true}]}}