{"id":209898,"date":"2017-04-06T14:33:18","date_gmt":"2017-04-06T14:33:18","guid":{"rendered":"http:\/\/diariodominicano.ddns.net\/?p=209898"},"modified":"2017-04-06T14:33:18","modified_gmt":"2017-04-06T14:33:18","slug":"djokovic-abrira-por-serbia-los-octavos-de-copa-davis-de-tenis","status":"publish","type":"post","link":"https:\/\/diariodominicano.com\/?p=209898","title":{"rendered":"Djokovic abrir\u00e1 por Serbia los octavos de Copa Davis de tenis"},"content":{"rendered":"<p><body><\/p>\n<p><img decoding=\"async\" src=\"img3\/1NovakDjokovic6.jpg\" \/>  <\/p>\n<p><span class=\"text1noticias\">Belgrado, 6 abr (PL) El serbio Novak Djokovic abrir\u00e1 ma\u00f1ana ante Espa\u00f1a la serie de octavos de final de la Copa Davis de tenis a efectuarse en esta ciudad, luego de conocerse hoy el resultado del sorteo.<\/span><\/p>\n<p><span class=\"text1noticias\"> <\/span><\/p>\n<p><span class=\"text1noticias\">Djokovic, n\u00famero dos del ranking del orbe, ser\u00e1 el encargado de iniciar las acciones por su pa\u00eds ante el ib\u00e9rico Albert Ramos, ocupante del esca\u00f1o 24.<\/span><\/p>\n<p><span class=\"text1noticias\"> <\/span><\/p>\n<p><span class=\"text1noticias\">El exn\u00famero uno del mundo coment\u00f3 a la prensa que &#8216;es siempre especial jugar en Belgrado y Serbia en general. Es una oportunidad de jugar juntos por el pa\u00eds y ofrecer tenis de calidad a nuestros aficionados&#8217;, <\/span><\/p>\n<p><span class=\"text1noticias\"> <\/span><\/p>\n<p><span class=\"text1noticias\">De tal manera, el serbio ser\u00e1 el \u00fanico integrante del Top Ten universal en participar en esta ronda del torneo ten\u00edstico, toda vez que el espa\u00f1ol Rafael Nadal prefiri\u00f3 descansar de cara a los europeos de arcilla.<\/span><\/p>\n<p><span class=\"text1noticias\"> <\/span><\/p>\n<p><span class=\"text1noticias\">Tampoco estar\u00e1 presente el brit\u00e1nico Andy Murray, l\u00edder del escalaf\u00f3n del orbe, en la visita de su equipo a Francia.<\/span><\/p>\n<p><span class=\"text1noticias\"> <\/span><\/p>\n<p><span class=\"text1noticias\">En el otro partido individual entre Serbia y Espa\u00f1a se medir\u00e1n esta jornada Viktor Troicki (39) y Pablo Carre\u00f1o (19), mientras que un d\u00eda despu\u00e9s la dupla de Troicki-Nenad Zimonjic enfrentar\u00e1 a la de Marc L\u00f3pez-Jaume Munar en el partido de dobles.<\/span><\/p>\n<p><span class=\"text1noticias\"> <\/span><\/p>\n<p><span class=\"text1noticias\">La naci\u00f3n ib\u00e9rica tampoco contar\u00e1 en Belgrado con los servicios de su segundo mejor jugador, Roberto Bautista, por lo que ser\u00e1 un compromiso bien dif\u00edcil ante los lo<\/span>cales.<\/p>\n<h6> 2017-04-06 14:33:18 <\/h6>\n<p><!--\n<link rel=\"stylesheet\" href=\"css\/bootstrap.min.css\">\n\n\n<ul class=\"pagination\">\n\t    \n\t\n\n<li >\n\t<a href='?page_no=9154'>Previous<\/a>\n\t<\/li>\n\n\n       \n    \n\n<li><a href='?page_no=1'>1<\/a><\/li>\n\n\n\n<li><a href='?page_no=2'>2<\/a><\/li>\n\n\n\n<li><a>...<\/a><\/li>\n\n\n\n<li><a href='?page_no=9153'>9153<\/a><\/li>\n\n\n\n<li><a href='?page_no=9154'>9154<\/a><\/li>\n\n\n\n<li class='active'><a>9155<\/a><\/li>\n\n\n\n<li><a href='?page_no=9156'>9156<\/a><\/li>\n\n\n\n<li><a href='?page_no=9157'>9157<\/a><\/li>\n\n\n\n<li><a>...<\/a><\/li>\n\n\n\n<li><a href='?page_no=36618'>36618<\/a><\/li>\n\n\n\n<li><a href='?page_no=36619'>36619<\/a><\/li>\n\n    \n\t\n\n<li >\n\t<a href='?page_no=9156'>Next<\/a>\n\t<\/li>\n\n\n    \n\n<li><a href='?page_no=36619'>Last &rsaquo;&rsaquo;<\/a><\/li>\n\n<\/ul>\n\n\n--><br \/>\n<\/body><\/p>\n","protected":false},"excerpt":{"rendered":"<p>Belgrado, 6 abr (PL) El serbio Novak Djokovic abrir\u00e1 ma\u00f1ana ante Espa\u00f1a la serie de octavos de final de la Copa Davis de tenis a efectuarse en esta ciudad, luego de conocerse hoy el resultado del sorteo. Djokovic, n\u00famero dos del ranking del orbe, ser\u00e1 el encargado de iniciar las acciones por su pa\u00eds ante [&hellip;]<\/p>\n","protected":false},"author":3,"featured_media":0,"comment_status":"open","ping_status":"open","sticky":false,"template":"","format":"standard","meta":{"footnotes":""},"categories":[17],"tags":[],"class_list":["post-209898","post","type-post","status-publish","format-standard","hentry","category-deportes"],"_links":{"self":[{"href":"https:\/\/diariodominicano.com\/index.php?rest_route=\/wp\/v2\/posts\/209898","targetHints":{"allow":["GET"]}}],"collection":[{"href":"https:\/\/diariodominicano.com\/index.php?rest_route=\/wp\/v2\/posts"}],"about":[{"href":"https:\/\/diariodominicano.com\/index.php?rest_route=\/wp\/v2\/types\/post"}],"author":[{"embeddable":true,"href":"https:\/\/diariodominicano.com\/index.php?rest_route=\/wp\/v2\/users\/3"}],"replies":[{"embeddable":true,"href":"https:\/\/diariodominicano.com\/index.php?rest_route=%2Fwp%2Fv2%2Fcomments&post=209898"}],"version-history":[{"count":0,"href":"https:\/\/diariodominicano.com\/index.php?rest_route=\/wp\/v2\/posts\/209898\/revisions"}],"wp:attachment":[{"href":"https:\/\/diariodominicano.com\/index.php?rest_route=%2Fwp%2Fv2%2Fmedia&parent=209898"}],"wp:term":[{"taxonomy":"category","embeddable":true,"href":"https:\/\/diariodominicano.com\/index.php?rest_route=%2Fwp%2Fv2%2Fcategories&post=209898"},{"taxonomy":"post_tag","embeddable":true,"href":"https:\/\/diariodominicano.com\/index.php?rest_route=%2Fwp%2Fv2%2Ftags&post=209898"}],"curies":[{"name":"wp","href":"https:\/\/api.w.org\/{rel}","templated":true}]}}