{"id":209897,"date":"2017-04-06T14:39:49","date_gmt":"2017-04-06T14:39:49","guid":{"rendered":"http:\/\/diariodominicano.ddns.net\/?p=209897"},"modified":"2017-04-06T14:39:49","modified_gmt":"2017-04-06T14:39:49","slug":"prueba-mixta-por-equipos-podria-debutar-en-tiro-para-tokio-2020","status":"publish","type":"post","link":"https:\/\/diariodominicano.com\/?p=209897","title":{"rendered":"Prueba mixta por equipos podr\u00eda debutar en tiro para Tokio-2020"},"content":{"rendered":"<p><body><\/p>\n<p><img decoding=\"async\" src=\"img3\/1Tiro-logo6.jpg\" \/>  <\/p>\n<p><span class=\"text1noticias\">M\u00fanich, Alemania, 6 abr (PL) La Federaci\u00f3n Internacional de Tiro (ISSF, por sus siglas en ingl\u00e9s) comunic\u00f3 hoy que negocia con el Comit\u00e9 Ol\u00edmpico Internacional cambios en el programa de competici\u00f3n de los Juegos de Tokio-2020.<\/span><\/p>\n<p><span class=\"text1noticias\"> <\/span><\/p>\n<p><span class=\"text1noticias\">En una nota divulgada desde su sede, en esta ciudad, la ISSF adelant\u00f3 que entre sus prop\u00f3sitos est\u00e1 la opci\u00f3n de incluir alguna prueba mixta por equipos.<\/span><\/p>\n<p><span class=\"text1noticias\"> <\/span><\/p>\n<p><span class=\"text1noticias\">El presidente de la Confederaci\u00f3n Europea y vicepresidente de la ISSF, el ruso Vladimir Lisin, se reuni\u00f3 con el presidente del COI, el alem\u00e1n Thomas Bach, para estudiar la posible actualizaci\u00f3n del programa estival.<\/span><\/p>\n<p><span class=\"text1noticias\"> <\/span><\/p>\n<p><span class=\"text1noticias\">Seg\u00fan un comunicado de la Federaci\u00f3n, Bach indic\u00f3 que las propuestas hechas han sido muy bien acogidas.<\/span><\/p>\n<p><span class=\"text1noticias\"> <\/span><\/p>\n<p><span class=\"text1noticias\">La nota recuerda que el director de Deportes del COI, el neozeland\u00e9s Kit McConnell, ofreci\u00f3 a Lisin una valoraci\u00f3n muy positiva de las dos pruebas incluidas en los Europeos organizados en marzo pasado en Maribor, Eslovenia.<\/span><\/p>\n<p><span class=\"text1noticias\"> <\/span><\/p>\n<p><span class=\"text1noticias\">Las modalidades que se probaron en esta cita continental fueron las de pistola de aire y rifle de aire por equipos mixtos, en ambos casos a 10 metros.<\/span><\/p>\n<p><span class=\"text1noticias\"> <\/span><\/p>\n<p><span class=\"text1noticias\">De acuerdo con la fuente, la Comisi\u00f3n del COI para el programa ol\u00edmpico se reunir\u00e1 el pr\u00f3ximo 5 de mayo para estudiar posibles cambios y presentar\u00e1 una serie de propuestas al Ejecutivo del organismo para su aprobaci\u00f3n.<\/span><\/p>\n<p><span class=\"text1noticias\"> <\/span><\/p>\n<p><span class=\"text1noticias\">En los Juegos de R\u00edo de Janeiro-2016 el tiro ofreci\u00f3 15 t\u00edtulos, nueve masculinos y seis femeninos.<\/span><\/p>\n<p><span class=\"text1noticias\"> <\/span><\/p>\n<p><span class=\"text1noticias\">La principal ventaja que tiene la actual propuesta es que no necesitar\u00eda de m\u00e1s cupos para el tiro deportivo, pues los equipos de dos integrantes se conformar\u00edan con los tiradores ya clasificados individua<\/span>lmente.<\/p>\n<h6> 2017-04-06 14:39:49 <\/h6>\n<p><!--\n<link rel=\"stylesheet\" href=\"css\/bootstrap.min.css\">\n\n\n<ul class=\"pagination\">\n\t    \n\t\n\n<li >\n\t<a href='?page_no=9153'>Previous<\/a>\n\t<\/li>\n\n\n       \n    \n\n<li><a href='?page_no=1'>1<\/a><\/li>\n\n\n\n<li><a href='?page_no=2'>2<\/a><\/li>\n\n\n\n<li><a>...<\/a><\/li>\n\n\n\n<li><a href='?page_no=9152'>9152<\/a><\/li>\n\n\n\n<li><a href='?page_no=9153'>9153<\/a><\/li>\n\n\n\n<li class='active'><a>9154<\/a><\/li>\n\n\n\n<li><a href='?page_no=9155'>9155<\/a><\/li>\n\n\n\n<li><a href='?page_no=9156'>9156<\/a><\/li>\n\n\n\n<li><a>...<\/a><\/li>\n\n\n\n<li><a href='?page_no=36618'>36618<\/a><\/li>\n\n\n\n<li><a href='?page_no=36619'>36619<\/a><\/li>\n\n    \n\t\n\n<li >\n\t<a href='?page_no=9155'>Next<\/a>\n\t<\/li>\n\n\n    \n\n<li><a href='?page_no=36619'>Last &rsaquo;&rsaquo;<\/a><\/li>\n\n<\/ul>\n\n\n--><br \/>\n<\/body><\/p>\n","protected":false},"excerpt":{"rendered":"<p>M\u00fanich, Alemania, 6 abr (PL) La Federaci\u00f3n Internacional de Tiro (ISSF, por sus siglas en ingl\u00e9s) comunic\u00f3 hoy que negocia con el Comit\u00e9 Ol\u00edmpico Internacional cambios en el programa de competici\u00f3n de los Juegos de Tokio-2020. En una nota divulgada desde su sede, en esta ciudad, la ISSF adelant\u00f3 que entre sus prop\u00f3sitos est\u00e1 la [&hellip;]<\/p>\n","protected":false},"author":3,"featured_media":0,"comment_status":"open","ping_status":"open","sticky":false,"template":"","format":"standard","meta":{"footnotes":""},"categories":[17],"tags":[],"class_list":["post-209897","post","type-post","status-publish","format-standard","hentry","category-deportes"],"_links":{"self":[{"href":"https:\/\/diariodominicano.com\/index.php?rest_route=\/wp\/v2\/posts\/209897","targetHints":{"allow":["GET"]}}],"collection":[{"href":"https:\/\/diariodominicano.com\/index.php?rest_route=\/wp\/v2\/posts"}],"about":[{"href":"https:\/\/diariodominicano.com\/index.php?rest_route=\/wp\/v2\/types\/post"}],"author":[{"embeddable":true,"href":"https:\/\/diariodominicano.com\/index.php?rest_route=\/wp\/v2\/users\/3"}],"replies":[{"embeddable":true,"href":"https:\/\/diariodominicano.com\/index.php?rest_route=%2Fwp%2Fv2%2Fcomments&post=209897"}],"version-history":[{"count":0,"href":"https:\/\/diariodominicano.com\/index.php?rest_route=\/wp\/v2\/posts\/209897\/revisions"}],"wp:attachment":[{"href":"https:\/\/diariodominicano.com\/index.php?rest_route=%2Fwp%2Fv2%2Fmedia&parent=209897"}],"wp:term":[{"taxonomy":"category","embeddable":true,"href":"https:\/\/diariodominicano.com\/index.php?rest_route=%2Fwp%2Fv2%2Fcategories&post=209897"},{"taxonomy":"post_tag","embeddable":true,"href":"https:\/\/diariodominicano.com\/index.php?rest_route=%2Fwp%2Fv2%2Ftags&post=209897"}],"curies":[{"name":"wp","href":"https:\/\/api.w.org\/{rel}","templated":true}]}}