{"id":209890,"date":"2017-04-07T13:07:31","date_gmt":"2017-04-07T13:07:31","guid":{"rendered":"http:\/\/diariodominicano.ddns.net\/?p=209890"},"modified":"2017-04-07T13:07:31","modified_gmt":"2017-04-07T13:07:31","slug":"cubanos-van-por-el-titulo-en-circuito-norceca-de-voleibol-de-playa","status":"publish","type":"post","link":"https:\/\/diariodominicano.com\/?p=209890","title":{"rendered":"Cubanos van por el t\u00edtulo en Circuito Norceca de Voleibol de Playa"},"content":{"rendered":"<p><body><\/p>\n<p><img decoding=\"async\" src=\"img3\/Voleibol-Norceca.jpg\" \/>  <\/p>\n<p><span class=\"text1noticias\">Ciudad de M\u00e9xico, 7 abr (PL) Dos duplas cubanas, una en cada sexo, luchar\u00e1n por el t\u00edtulo en la primera parada del Circuito de Norte, Centroam\u00e9rica y el Caribe (Norceca) de voleibol de playa, que comienza hoy en La Paz, Baja California.<\/span><\/p>\n<p><span class=\"text1noticias\"> <\/span><\/p>\n<p><span class=\"text1noticias\">En el sector varonil los representantes caribe\u00f1os ser\u00e1n Karell Pe\u00f1a y Daisel Quesada, quienes competir\u00e1n ante otros 11 binomios, entre los que destacan el de los mexicanos Juan Virgen y Lombardo Ontiveros.<\/span><\/p>\n<p><span class=\"text1noticias\"> <\/span><\/p>\n<p><span class=\"text1noticias\">Por su parte, las cubanas Leila Mart\u00ednez y Yanisleidis S\u00e1nchez lidiar\u00e1n con otras ocho parejas femeninas, entre las que resaltan los duetos canadienses de Brandie Wilkerson-Heather Bansley y Taylor Pischke-Kristina May, as\u00ed como las estadounidenses Betsi Flint-Kelly Larsen y Brittany Hochevar-Emily Day.<\/span><\/p>\n<p><span class=\"text1noticias\"> <\/span><\/p>\n<p><span class=\"text1noticias\">La principal dupla cubana, integrada por Nivaldo D\u00edaz y Sergio Gonz\u00e1lez debutar\u00e1 la pr\u00f3xima semana en Malasia durante la cuarta fase del Circuito Mundial.<\/span><\/p>\n<p><span class=\"text1noticias\"> <\/span><\/p>\n<p><span class=\"text1noticias\">Ocupantes del quinto lugar en los Juegos Ol\u00edmpicos de R\u00edo de Janeiro-2016, D\u00edaz y Gonz\u00e1lez est\u00e1n sembrados entre las 32 parejas del cuadro principal, gracias a los mil 790 puntos que acumulan en el listado univer<\/span>sal.<\/p>\n<h6> 2017-04-07 13:07:31 <\/h6>\n<p><!--\n<link rel=\"stylesheet\" href=\"css\/bootstrap.min.css\">\n\n\n<ul class=\"pagination\">\n\t    \n\t\n\n<li >\n\t<a href='?page_no=9147'>Previous<\/a>\n\t<\/li>\n\n\n       \n    \n\n<li><a href='?page_no=1'>1<\/a><\/li>\n\n\n\n<li><a href='?page_no=2'>2<\/a><\/li>\n\n\n\n<li><a>...<\/a><\/li>\n\n\n\n<li><a href='?page_no=9146'>9146<\/a><\/li>\n\n\n\n<li><a href='?page_no=9147'>9147<\/a><\/li>\n\n\n\n<li class='active'><a>9148<\/a><\/li>\n\n\n\n<li><a href='?page_no=9149'>9149<\/a><\/li>\n\n\n\n<li><a href='?page_no=9150'>9150<\/a><\/li>\n\n\n\n<li><a>...<\/a><\/li>\n\n\n\n<li><a href='?page_no=36618'>36618<\/a><\/li>\n\n\n\n<li><a href='?page_no=36619'>36619<\/a><\/li>\n\n    \n\t\n\n<li >\n\t<a href='?page_no=9149'>Next<\/a>\n\t<\/li>\n\n\n    \n\n<li><a href='?page_no=36619'>Last &rsaquo;&rsaquo;<\/a><\/li>\n\n<\/ul>\n\n\n--><br \/>\n<\/body><\/p>\n","protected":false},"excerpt":{"rendered":"<p>Ciudad de M\u00e9xico, 7 abr (PL) Dos duplas cubanas, una en cada sexo, luchar\u00e1n por el t\u00edtulo en la primera parada del Circuito de Norte, Centroam\u00e9rica y el Caribe (Norceca) de voleibol de playa, que comienza hoy en La Paz, Baja California. En el sector varonil los representantes caribe\u00f1os ser\u00e1n Karell Pe\u00f1a y Daisel Quesada, [&hellip;]<\/p>\n","protected":false},"author":3,"featured_media":0,"comment_status":"open","ping_status":"open","sticky":false,"template":"","format":"standard","meta":{"footnotes":""},"categories":[17],"tags":[],"class_list":["post-209890","post","type-post","status-publish","format-standard","hentry","category-deportes"],"_links":{"self":[{"href":"https:\/\/diariodominicano.com\/index.php?rest_route=\/wp\/v2\/posts\/209890","targetHints":{"allow":["GET"]}}],"collection":[{"href":"https:\/\/diariodominicano.com\/index.php?rest_route=\/wp\/v2\/posts"}],"about":[{"href":"https:\/\/diariodominicano.com\/index.php?rest_route=\/wp\/v2\/types\/post"}],"author":[{"embeddable":true,"href":"https:\/\/diariodominicano.com\/index.php?rest_route=\/wp\/v2\/users\/3"}],"replies":[{"embeddable":true,"href":"https:\/\/diariodominicano.com\/index.php?rest_route=%2Fwp%2Fv2%2Fcomments&post=209890"}],"version-history":[{"count":0,"href":"https:\/\/diariodominicano.com\/index.php?rest_route=\/wp\/v2\/posts\/209890\/revisions"}],"wp:attachment":[{"href":"https:\/\/diariodominicano.com\/index.php?rest_route=%2Fwp%2Fv2%2Fmedia&parent=209890"}],"wp:term":[{"taxonomy":"category","embeddable":true,"href":"https:\/\/diariodominicano.com\/index.php?rest_route=%2Fwp%2Fv2%2Fcategories&post=209890"},{"taxonomy":"post_tag","embeddable":true,"href":"https:\/\/diariodominicano.com\/index.php?rest_route=%2Fwp%2Fv2%2Ftags&post=209890"}],"curies":[{"name":"wp","href":"https:\/\/api.w.org\/{rel}","templated":true}]}}