{"id":209885,"date":"2017-04-07T13:48:36","date_gmt":"2017-04-07T13:48:36","guid":{"rendered":"http:\/\/diariodominicano.ddns.net\/?p=209885"},"modified":"2017-04-07T13:48:36","modified_gmt":"2017-04-07T13:48:36","slug":"david-price-esta-programado-para-una-sesion-del-bullpen-en-lunes","status":"publish","type":"post","link":"https:\/\/diariodominicano.com\/?p=209885","title":{"rendered":"David Price est\u00e1 programado para una sesi\u00f3n del bullpen en lunes"},"content":{"rendered":"<p><body><\/p>\n<p><img decoding=\"async\" src=\"img3\/Price7.jpg\" \/>  <\/p>\n<p><span class=\"text1noticias\">Por Anthony Castrovince \/ MLB.com<\/span><\/p>\n<p><span class=\"text1noticias\"> <\/span><\/p>\n<p><span class=\"text1noticias\">DETROIT 7 de abrl, 2017.- Se espera que David Price d\u00e9 el lunes un paso importante en su recuperaci\u00f3n de un tir\u00f3n en el codo de lanzar. El zurdo de los Medias Rojas est\u00e1 programado para lanzar una sesi\u00f3n del bullpen en el Comerica Park de Detroit.<\/span><\/p>\n<p><span class=\"text1noticias\"> <\/span><\/p>\n<p><span class=\"text1noticias\">Price no se sube a un mont\u00edculo desde que detect\u00f3 la lesi\u00f3n por primera vez en un juego simulado el 28 de febrero.<\/span><\/p>\n<p><span class=\"text1noticias\">Boston no ha fijado fecha para el regreso de Price a la rotaci\u00f3n del equipo grande, pero dada la lentitud de su progreso y que necesita fortalecer el brazo, el serpentinero perder\u00e1 todo el mes de abri<\/span>l.<\/p>\n<h6> 2017-04-07 13:48:36 <\/h6>\n<p><!--\n<link rel=\"stylesheet\" href=\"css\/bootstrap.min.css\">\n\n\n<ul class=\"pagination\">\n\t    \n\t\n\n<li >\n\t<a href='?page_no=9142'>Previous<\/a>\n\t<\/li>\n\n\n       \n    \n\n<li><a href='?page_no=1'>1<\/a><\/li>\n\n\n\n<li><a href='?page_no=2'>2<\/a><\/li>\n\n\n\n<li><a>...<\/a><\/li>\n\n\n\n<li><a href='?page_no=9141'>9141<\/a><\/li>\n\n\n\n<li><a href='?page_no=9142'>9142<\/a><\/li>\n\n\n\n<li class='active'><a>9143<\/a><\/li>\n\n\n\n<li><a href='?page_no=9144'>9144<\/a><\/li>\n\n\n\n<li><a href='?page_no=9145'>9145<\/a><\/li>\n\n\n\n<li><a>...<\/a><\/li>\n\n\n\n<li><a href='?page_no=36618'>36618<\/a><\/li>\n\n\n\n<li><a href='?page_no=36619'>36619<\/a><\/li>\n\n    \n\t\n\n<li >\n\t<a href='?page_no=9144'>Next<\/a>\n\t<\/li>\n\n\n    \n\n<li><a href='?page_no=36619'>Last &rsaquo;&rsaquo;<\/a><\/li>\n\n<\/ul>\n\n\n--><br \/>\n<\/body><\/p>\n","protected":false},"excerpt":{"rendered":"<p>Por Anthony Castrovince \/ MLB.com DETROIT 7 de abrl, 2017.- Se espera que David Price d\u00e9 el lunes un paso importante en su recuperaci\u00f3n de un tir\u00f3n en el codo de lanzar. El zurdo de los Medias Rojas est\u00e1 programado para lanzar una sesi\u00f3n del bullpen en el Comerica Park de Detroit. Price no se [&hellip;]<\/p>\n","protected":false},"author":3,"featured_media":0,"comment_status":"open","ping_status":"open","sticky":false,"template":"","format":"standard","meta":{"footnotes":""},"categories":[17],"tags":[],"class_list":["post-209885","post","type-post","status-publish","format-standard","hentry","category-deportes"],"_links":{"self":[{"href":"https:\/\/diariodominicano.com\/index.php?rest_route=\/wp\/v2\/posts\/209885","targetHints":{"allow":["GET"]}}],"collection":[{"href":"https:\/\/diariodominicano.com\/index.php?rest_route=\/wp\/v2\/posts"}],"about":[{"href":"https:\/\/diariodominicano.com\/index.php?rest_route=\/wp\/v2\/types\/post"}],"author":[{"embeddable":true,"href":"https:\/\/diariodominicano.com\/index.php?rest_route=\/wp\/v2\/users\/3"}],"replies":[{"embeddable":true,"href":"https:\/\/diariodominicano.com\/index.php?rest_route=%2Fwp%2Fv2%2Fcomments&post=209885"}],"version-history":[{"count":0,"href":"https:\/\/diariodominicano.com\/index.php?rest_route=\/wp\/v2\/posts\/209885\/revisions"}],"wp:attachment":[{"href":"https:\/\/diariodominicano.com\/index.php?rest_route=%2Fwp%2Fv2%2Fmedia&parent=209885"}],"wp:term":[{"taxonomy":"category","embeddable":true,"href":"https:\/\/diariodominicano.com\/index.php?rest_route=%2Fwp%2Fv2%2Fcategories&post=209885"},{"taxonomy":"post_tag","embeddable":true,"href":"https:\/\/diariodominicano.com\/index.php?rest_route=%2Fwp%2Fv2%2Ftags&post=209885"}],"curies":[{"name":"wp","href":"https:\/\/api.w.org\/{rel}","templated":true}]}}