{"id":209875,"date":"2017-04-10T17:26:27","date_gmt":"2017-04-10T17:26:27","guid":{"rendered":"http:\/\/diariodominicano.ddns.net\/?p=209875"},"modified":"2017-04-10T17:26:27","modified_gmt":"2017-04-10T17:26:27","slug":"mexico-ee-uu-y-canada-presentan-sede-conjunta-para-mundial-2026","status":"publish","type":"post","link":"https:\/\/diariodominicano.com\/?p=209875","title":{"rendered":"M\u00e9xico, EE.UU. y Canad\u00e1 presentan sede conjunta para Mundial-2026"},"content":{"rendered":"<p><body><\/p>\n<p><span class=\"text1noticias\">Nueva York, EE.UU., 10 abr (PL) Las federaciones de f\u00fatbol de M\u00e9xico, Estados Unidos y Canad\u00e1 presentaron hoy aqu\u00ed su candidatura para albergar conjuntamente la Copa Mundial del a\u00f1o 2026, el primero que disputar\u00e1n 48 pa\u00edses.<\/span><\/p>\n<p><span class=\"text1noticias\"> <\/span><\/p>\n<p><span class=\"text1noticias\">Esperamos que sea un gran \u00e9xito. Hemos llegado a un acuerdo entre los tres pa\u00edses de que vamos a ir juntos, expres\u00f3 el presidente de la Federaci\u00f3n estadounidense, Sunil Gulati.<\/span><\/p>\n<p><span class=\"text1noticias\"> <\/span><\/p>\n<p><span class=\"text1noticias\">Gulati a\u00f1adi\u00f3 en una conferencia de prensa en el One World Trade Center que aunque pudieron haber presentado la solicitud de manera independiente, el estar los tres pa\u00edses juntos &#8216;en la candidatura la hace m\u00e1s fuerte&#8217;.<\/span><\/p>\n<p><span class=\"text1noticias\"> <\/span><\/p>\n<p><span class=\"text1noticias\">El plazo para presentar candidaturas para la Copa del Mundo de 2026 finalizar\u00e1 en diciembre de 2018, y la decisi\u00f3n final est\u00e1 prevista para mayo del 2020.<\/span><\/p>\n<p><span class=\"text1noticias\"> <\/span><\/p>\n<p><span class=\"text1noticias\">Al anunciar la propuesta, Gulati dijo que tres cuartas partes de los partidos del torneo se celebrar\u00e1n en Estados Unidos, mientras que Canad\u00e1 y M\u00e9xico recibir\u00e1n 10 encuentros cada uno.<\/span><\/p>\n<p><span class=\"text1noticias\"> <\/span><\/p>\n<p><span class=\"text1noticias\">Esta regi\u00f3n geogr\u00e1fica es favorita para organizar la Copa del Mundo del 2026 debido a que las normas de la Federaci\u00f3n Internacional de la disciplina (FIFA) impiden que las sedes se repitan en un corto periodo de tiempo.<\/span><\/p>\n<p><span class=\"text1noticias\"> <\/span><\/p>\n<p><span class=\"text1noticias\">Rusia albergar\u00e1 el Mundial en 2018 y Qatar en 2022, por lo que Europa y Asia no pod\u00edan acoger la competencia tan pronto.<\/span><\/p>\n<p><span class=\"text1noticias\"> <\/span><\/p>\n<p><span class=\"text1noticias\">Por otra parte, Gulati minimiz\u00f3 la posibilidad de que la pol\u00edtica del presidente estadounidense, Donald Trump, pudiera obstaculizar la oferta, y dijo que el pol\u00e9mico mandatario apoya la propuesta conjunta.<\/span><\/p>\n<p><span class=\"text1noticias\"> <\/span><\/p>\n<p><span class=\"text1noticias\">La \u00fanica vez que la Copa del Mundo fue organizada conjuntamente fue en 2002, cuando Jap\u00f3n y Surcorea compartieron las sedes, pero con la ampliaci\u00f3n a 48 equipos participantes se espera que esta sea la norma.<\/span><\/p>\n<p><span class=\"text1noticias\"> <\/span><\/p>\n<p><span class=\"text1noticias\">Estados Unidos fue sede del Mundial de 1994 e hizo un intento fallido para organizar el torneo de 2022, mientras que M\u00e9xico alberg\u00f3 los Mundiales de 1970 y 1986, y ser\u00eda el primero con tres citas del orbe.<\/span><\/p>\n<p><span class=\"text1noticias\"> <\/span><\/p>\n<p><span class=\"text1noticias\">So\u00f1ar con ser el primer pa\u00eds en organizar por tercera ocasi\u00f3n una Copa del Mundo nos llena de alegr\u00eda y nos compromete a brindar lo mejor de nosotros. M\u00e9xico se ha caracterizado por ser un magn\u00edfico anfitri\u00f3n, apunt\u00f3 el presidente de la Federaci\u00f3n mexicana, Decio de Mar\u00eda.<\/span><\/p>\n<p><span class=\"text1noticias\"> <\/span><\/p>\n<p><span class=\"text1noticias\">La elecci\u00f3n de la sede de 2026 se llevar\u00e1 a cabo con el voto de los 211 miembros del Congreso de la FIFA, a diferencia de las votaciones anteriores, en las que s\u00f3lo participaban los miembros del Comit\u00e9 Ejecutivo de <\/span>la entidad.<\/p>\n<h6> 2017-04-10 17:26:27 <\/h6>\n<p><!--\n<link rel=\"stylesheet\" href=\"css\/bootstrap.min.css\">\n\n\n<ul class=\"pagination\">\n\t    \n\t\n\n<li >\n\t<a href='?page_no=9133'>Previous<\/a>\n\t<\/li>\n\n\n       \n    \n\n<li><a href='?page_no=1'>1<\/a><\/li>\n\n\n\n<li><a href='?page_no=2'>2<\/a><\/li>\n\n\n\n<li><a>...<\/a><\/li>\n\n\n\n<li><a href='?page_no=9132'>9132<\/a><\/li>\n\n\n\n<li><a href='?page_no=9133'>9133<\/a><\/li>\n\n\n\n<li class='active'><a>9134<\/a><\/li>\n\n\n\n<li><a href='?page_no=9135'>9135<\/a><\/li>\n\n\n\n<li><a href='?page_no=9136'>9136<\/a><\/li>\n\n\n\n<li><a>...<\/a><\/li>\n\n\n\n<li><a href='?page_no=36618'>36618<\/a><\/li>\n\n\n\n<li><a href='?page_no=36619'>36619<\/a><\/li>\n\n    \n\t\n\n<li >\n\t<a href='?page_no=9135'>Next<\/a>\n\t<\/li>\n\n\n    \n\n<li><a href='?page_no=36619'>Last &rsaquo;&rsaquo;<\/a><\/li>\n\n<\/ul>\n\n\n--><br \/>\n<\/body><\/p>\n","protected":false},"excerpt":{"rendered":"<p>Nueva York, EE.UU., 10 abr (PL) Las federaciones de f\u00fatbol de M\u00e9xico, Estados Unidos y Canad\u00e1 presentaron hoy aqu\u00ed su candidatura para albergar conjuntamente la Copa Mundial del a\u00f1o 2026, el primero que disputar\u00e1n 48 pa\u00edses. Esperamos que sea un gran \u00e9xito. Hemos llegado a un acuerdo entre los tres pa\u00edses de que vamos a [&hellip;]<\/p>\n","protected":false},"author":3,"featured_media":0,"comment_status":"open","ping_status":"open","sticky":false,"template":"","format":"standard","meta":{"footnotes":""},"categories":[17],"tags":[],"class_list":["post-209875","post","type-post","status-publish","format-standard","hentry","category-deportes"],"_links":{"self":[{"href":"https:\/\/diariodominicano.com\/index.php?rest_route=\/wp\/v2\/posts\/209875","targetHints":{"allow":["GET"]}}],"collection":[{"href":"https:\/\/diariodominicano.com\/index.php?rest_route=\/wp\/v2\/posts"}],"about":[{"href":"https:\/\/diariodominicano.com\/index.php?rest_route=\/wp\/v2\/types\/post"}],"author":[{"embeddable":true,"href":"https:\/\/diariodominicano.com\/index.php?rest_route=\/wp\/v2\/users\/3"}],"replies":[{"embeddable":true,"href":"https:\/\/diariodominicano.com\/index.php?rest_route=%2Fwp%2Fv2%2Fcomments&post=209875"}],"version-history":[{"count":0,"href":"https:\/\/diariodominicano.com\/index.php?rest_route=\/wp\/v2\/posts\/209875\/revisions"}],"wp:attachment":[{"href":"https:\/\/diariodominicano.com\/index.php?rest_route=%2Fwp%2Fv2%2Fmedia&parent=209875"}],"wp:term":[{"taxonomy":"category","embeddable":true,"href":"https:\/\/diariodominicano.com\/index.php?rest_route=%2Fwp%2Fv2%2Fcategories&post=209875"},{"taxonomy":"post_tag","embeddable":true,"href":"https:\/\/diariodominicano.com\/index.php?rest_route=%2Fwp%2Fv2%2Ftags&post=209875"}],"curies":[{"name":"wp","href":"https:\/\/api.w.org\/{rel}","templated":true}]}}