{"id":209860,"date":"2017-04-11T14:09:04","date_gmt":"2017-04-11T14:09:04","guid":{"rendered":"http:\/\/diariodominicano.ddns.net\/?p=209860"},"modified":"2017-04-11T14:09:04","modified_gmt":"2017-04-11T14:09:04","slug":"neymar-se-perdera-el-clasico-real-madrid-barcelona","status":"publish","type":"post","link":"https:\/\/diariodominicano.com\/?p=209860","title":{"rendered":"Neymar se perder\u00e1 el cl\u00e1sico Real Madrid-Barcelona"},"content":{"rendered":"<p><body><\/p>\n<p><span class=\"text1noticias\">Madrid, 11 abr (PL) El delantero brasile\u00f1o Neymar se perder\u00e1 el pr\u00f3ximo cl\u00e1sico entre su equipo Barcelona y el Real Madrid, que se jugar\u00e1 en el estadio Bernab\u00e9u el 23 de abril, confirm\u00f3 hoy la Federaci\u00f3n Espa\u00f1ola (RFEF).<\/span><\/p>\n<p><span class=\"text1noticias\"> <\/span><\/p>\n<p><span class=\"text1noticias\">Neymar, expulsado el s\u00e1bado ante el M\u00e1laga, que gan\u00f3 2-0, fue suspendido durante tres partidos de Liga.<\/span><\/p>\n<p><span class=\"text1noticias\"> <\/span><\/p>\n<p><span class=\"text1noticias\">El comit\u00e9 de competici\u00f3n de la RFEF le sancion\u00f3 con un partido de suspensi\u00f3n por su expulsi\u00f3n y otros dos suplementarios por una actitud de desprecio cuando aplaudi\u00f3 al cuarto \u00e1rbitro al salir del terreno de juego tras su tarjeta roja.<\/span><\/p>\n<p><span class=\"text1noticias\"> <\/span><\/p>\n<p><span class=\"text1noticias\">La estrella brasile\u00f1a se perder\u00e1 adem\u00e1s el duelo ante la Real Sociedad, el pr\u00f3ximo s\u00e1bado en el Camp Nou y ante el tambi\u00e9n visitante Osasuna el 26 de abril.<\/span><\/p>\n<p><span class=\"text1noticias\"> <\/span><\/p>\n<p><span class=\"text1noticias\">Neymar estar\u00e1 disponible para el derbi ante el Espanyol del d\u00eda 29 de abril.<\/span><\/p>\n<p><span class=\"text1noticias\"> <\/span><\/p>\n<p><span class=\"text1noticias\">Esta sanci\u00f3n puede ser recurrida al Comit\u00e9 de Apelaci\u00f3n de la Federaci\u00f3n Espa\u00f1ola y en \u00faltima instancia ante el Tribunal Administrativo del Deporte Espa\u00f1ol (TAD).<\/span><\/p>\n<p><span class=\"text1noticias\"> <\/span><\/p>\n<p><span class=\"text1noticias\">La ausencia de Neymar es un golpe duro para los azulgranas, que est\u00e1n a tres puntos del Real Madrid en la Liga, que adem\u00e1s cuenta con un partido menos.<\/span><\/p>\n<p><span class=\"text1noticias\"> <\/span><\/p>\n<p><span class=\"text1noticias\">Por la salida del brasile\u00f1o el t\u00e9cnico Luis Enrique podr\u00eda dar la oportunidad a Paco Alc\u00e1cer de acompa\u00f1ar a Lionel Messi y Luis Su\u00e1rez en la delantera, o jugar con un centrocamista m\u00e1s, puesto al que aspirar\u00edan Denis Su\u00e1rez, el portugu\u00e9s Andr\u00e9 Gomez y el turco Arda Turan.<\/span><\/p>\n<p><span class=\"text1noticias\"> <\/span><\/p>\n<p><span class=\"text1noticias\">Como anunci\u00f3 el Comit\u00e9 de Competici\u00f3n de la Federaci\u00f3n Espa\u00f1ola de F\u00fatbol, el brasile\u00f1o fue expulsado por doble amonestaci\u00f3n en el encuentro disputado el s\u00e1bado en La Rosaleda.<\/span><\/p>\n<p><span class=\"text1noticias\"> <\/span><\/p>\n<p><span class=\"text1noticias\">Primero por atarse las botas obstruyendo el saque de una falta, y m\u00e1s tarde, por una dura entrada sobre Llorente. Pero fue lo que ocurri\u00f3 posteriormente a la expulsi\u00f3n -aplaudir al cuarto asistente, incidente que apareci\u00f3 en el acta arbitral de Gil Manzano- lo que hizo que la sanci\u00f3n pase de uno a tres encuentros.<\/span><\/p>\n<p><span class=\"text1noticias\"> <\/span><\/p>\n<p><span class=\"text1noticias\">Al Bar\u00e7a le queda ahora la posibilidad de recurrir ante el Comit\u00e9 de Apelaci\u00f3n en el plazo de diez d\u00edas h\u00e1biles, a contar desde el siguiente al que se reciba la not<\/span>ificaci\u00f3n.<\/p>\n<h6> 2017-04-11 14:09:04 <\/h6>\n<p><!--\n<link rel=\"stylesheet\" href=\"css\/bootstrap.min.css\">\n\n\n<ul class=\"pagination\">\n\t    \n\t\n\n<li >\n\t<a href='?page_no=9119'>Previous<\/a>\n\t<\/li>\n\n\n       \n    \n\n<li><a href='?page_no=1'>1<\/a><\/li>\n\n\n\n<li><a href='?page_no=2'>2<\/a><\/li>\n\n\n\n<li><a>...<\/a><\/li>\n\n\n\n<li><a href='?page_no=9118'>9118<\/a><\/li>\n\n\n\n<li><a href='?page_no=9119'>9119<\/a><\/li>\n\n\n\n<li class='active'><a>9120<\/a><\/li>\n\n\n\n<li><a href='?page_no=9121'>9121<\/a><\/li>\n\n\n\n<li><a href='?page_no=9122'>9122<\/a><\/li>\n\n\n\n<li><a>...<\/a><\/li>\n\n\n\n<li><a href='?page_no=36618'>36618<\/a><\/li>\n\n\n\n<li><a href='?page_no=36619'>36619<\/a><\/li>\n\n    \n\t\n\n<li >\n\t<a href='?page_no=9121'>Next<\/a>\n\t<\/li>\n\n\n    \n\n<li><a href='?page_no=36619'>Last &rsaquo;&rsaquo;<\/a><\/li>\n\n<\/ul>\n\n\n--><br \/>\n<\/body><\/p>\n","protected":false},"excerpt":{"rendered":"<p>Madrid, 11 abr (PL) El delantero brasile\u00f1o Neymar se perder\u00e1 el pr\u00f3ximo cl\u00e1sico entre su equipo Barcelona y el Real Madrid, que se jugar\u00e1 en el estadio Bernab\u00e9u el 23 de abril, confirm\u00f3 hoy la Federaci\u00f3n Espa\u00f1ola (RFEF). Neymar, expulsado el s\u00e1bado ante el M\u00e1laga, que gan\u00f3 2-0, fue suspendido durante tres partidos de Liga. [&hellip;]<\/p>\n","protected":false},"author":3,"featured_media":0,"comment_status":"open","ping_status":"open","sticky":false,"template":"","format":"standard","meta":{"footnotes":""},"categories":[17],"tags":[],"class_list":["post-209860","post","type-post","status-publish","format-standard","hentry","category-deportes"],"_links":{"self":[{"href":"https:\/\/diariodominicano.com\/index.php?rest_route=\/wp\/v2\/posts\/209860","targetHints":{"allow":["GET"]}}],"collection":[{"href":"https:\/\/diariodominicano.com\/index.php?rest_route=\/wp\/v2\/posts"}],"about":[{"href":"https:\/\/diariodominicano.com\/index.php?rest_route=\/wp\/v2\/types\/post"}],"author":[{"embeddable":true,"href":"https:\/\/diariodominicano.com\/index.php?rest_route=\/wp\/v2\/users\/3"}],"replies":[{"embeddable":true,"href":"https:\/\/diariodominicano.com\/index.php?rest_route=%2Fwp%2Fv2%2Fcomments&post=209860"}],"version-history":[{"count":0,"href":"https:\/\/diariodominicano.com\/index.php?rest_route=\/wp\/v2\/posts\/209860\/revisions"}],"wp:attachment":[{"href":"https:\/\/diariodominicano.com\/index.php?rest_route=%2Fwp%2Fv2%2Fmedia&parent=209860"}],"wp:term":[{"taxonomy":"category","embeddable":true,"href":"https:\/\/diariodominicano.com\/index.php?rest_route=%2Fwp%2Fv2%2Fcategories&post=209860"},{"taxonomy":"post_tag","embeddable":true,"href":"https:\/\/diariodominicano.com\/index.php?rest_route=%2Fwp%2Fv2%2Ftags&post=209860"}],"curies":[{"name":"wp","href":"https:\/\/api.w.org\/{rel}","templated":true}]}}