{"id":209854,"date":"2017-04-12T16:36:49","date_gmt":"2017-04-12T16:36:49","guid":{"rendered":"http:\/\/diariodominicano.ddns.net\/?p=209854"},"modified":"2017-04-12T16:36:49","modified_gmt":"2017-04-12T16:36:49","slug":"el-veterano-dominicano-adrian-beltre-vuelve-a-lesionarse-la-corva-derecha","status":"publish","type":"post","link":"https:\/\/diariodominicano.com\/?p=209854","title":{"rendered":"El veterano dominicano Adri\u00e1n Beltr\u00e9 vuelve a lesionarse la corva derecha"},"content":{"rendered":"<p><body><\/p>\n<p><img decoding=\"async\" src=\"img3\/Beltre12.jpg\" \/>  <\/p>\n<p><span class=\"text1noticias\">Por T.R. Sullivan \/ MLB.com<\/span><\/p>\n<p><span class=\"text1noticias\"> <\/span><\/p>\n<p><span class=\"text1noticias\">ANAHEIM, 12 abril, 2017.- El antesalista dominicano de los Rangers, Adri\u00e1n Beltr\u00e9, tiene un leve tir\u00f3n en la pantorrilla derecha, por lo cual podr\u00eda retrasarse aun m\u00e1s su salida de la lista de lesionados. Es posible que el veterano no se integre al lineup de Texas hasta mayo.<\/span><\/p>\n<p><span class=\"text1noticias\"> <\/span><\/p>\n<p><span class=\"text1noticias\">Beltr\u00e9 comenz\u00f3 la temporada en la lista de incapacitados debido a rigidez en la pantorrilla derecha y se volvi\u00f3 a lastimar dicho m\u00fasculo el s\u00e1bado mientras corr\u00eda. Los Rangers tratar\u00e1n de ser m\u00e1s cautelosos esta vez, dado que la nueva lesi\u00f3n se encuentra m\u00e1s arriba en el m\u00fasculo.<\/span><\/p>\n<p><span class=\"text1noticias\"> <\/span><\/p>\n<p><span class=\"text1noticias\">Beltr\u00e9 estuvo elegible para salir de la lista de incapacitados el domingo y \u00e9sa era su meta. El s\u00e1bado, puso a prueba la pantorrilla derecha con la esperanza de recibir el visto bueno para volver a la acci\u00f3n. En lugar de ello, se someti\u00f3 a un an\u00e1lisis de resonancia magn\u00e9tica el lunes que demostr\u00f3 que la lesi\u00f3n hab\u00eda empeorado.<\/span><\/p>\n<p><span class=\"text1noticias\"> <\/span><\/p>\n<p><span class=\"text1noticias\">\u00abSiempre que no puedo estar en el terreno es dif\u00edcil para m\u00ed\u00bb, dijo Beltr\u00e9. \u00abEl proceso de estar en la banca y ser un observador, no ayudar al equipo y no saber, es decepcionante. Definitivamente, no estoy disfrutando esto. No soy un hombre paciente, pero estoy tratando de tener paciencia con esto y entender lo que est\u00e1 sucedien<\/span>do\u00bb.<\/p>\n<h6> 2017-04-12 16:36:49 <\/h6>\n<p><!--\n<link rel=\"stylesheet\" href=\"css\/bootstrap.min.css\">\n\n\n<ul class=\"pagination\">\n\t    \n\t\n\n<li >\n\t<a href='?page_no=9114'>Previous<\/a>\n\t<\/li>\n\n\n       \n    \n\n<li><a href='?page_no=1'>1<\/a><\/li>\n\n\n\n<li><a href='?page_no=2'>2<\/a><\/li>\n\n\n\n<li><a>...<\/a><\/li>\n\n\n\n<li><a href='?page_no=9113'>9113<\/a><\/li>\n\n\n\n<li><a href='?page_no=9114'>9114<\/a><\/li>\n\n\n\n<li class='active'><a>9115<\/a><\/li>\n\n\n\n<li><a href='?page_no=9116'>9116<\/a><\/li>\n\n\n\n<li><a href='?page_no=9117'>9117<\/a><\/li>\n\n\n\n<li><a>...<\/a><\/li>\n\n\n\n<li><a href='?page_no=36618'>36618<\/a><\/li>\n\n\n\n<li><a href='?page_no=36619'>36619<\/a><\/li>\n\n    \n\t\n\n<li >\n\t<a href='?page_no=9116'>Next<\/a>\n\t<\/li>\n\n\n    \n\n<li><a href='?page_no=36619'>Last &rsaquo;&rsaquo;<\/a><\/li>\n\n<\/ul>\n\n\n--><br \/>\n<\/body><\/p>\n","protected":false},"excerpt":{"rendered":"<p>Por T.R. Sullivan \/ MLB.com ANAHEIM, 12 abril, 2017.- El antesalista dominicano de los Rangers, Adri\u00e1n Beltr\u00e9, tiene un leve tir\u00f3n en la pantorrilla derecha, por lo cual podr\u00eda retrasarse aun m\u00e1s su salida de la lista de lesionados. Es posible que el veterano no se integre al lineup de Texas hasta mayo. Beltr\u00e9 comenz\u00f3 [&hellip;]<\/p>\n","protected":false},"author":3,"featured_media":0,"comment_status":"open","ping_status":"open","sticky":false,"template":"","format":"standard","meta":{"footnotes":""},"categories":[17],"tags":[],"class_list":["post-209854","post","type-post","status-publish","format-standard","hentry","category-deportes"],"_links":{"self":[{"href":"https:\/\/diariodominicano.com\/index.php?rest_route=\/wp\/v2\/posts\/209854","targetHints":{"allow":["GET"]}}],"collection":[{"href":"https:\/\/diariodominicano.com\/index.php?rest_route=\/wp\/v2\/posts"}],"about":[{"href":"https:\/\/diariodominicano.com\/index.php?rest_route=\/wp\/v2\/types\/post"}],"author":[{"embeddable":true,"href":"https:\/\/diariodominicano.com\/index.php?rest_route=\/wp\/v2\/users\/3"}],"replies":[{"embeddable":true,"href":"https:\/\/diariodominicano.com\/index.php?rest_route=%2Fwp%2Fv2%2Fcomments&post=209854"}],"version-history":[{"count":0,"href":"https:\/\/diariodominicano.com\/index.php?rest_route=\/wp\/v2\/posts\/209854\/revisions"}],"wp:attachment":[{"href":"https:\/\/diariodominicano.com\/index.php?rest_route=%2Fwp%2Fv2%2Fmedia&parent=209854"}],"wp:term":[{"taxonomy":"category","embeddable":true,"href":"https:\/\/diariodominicano.com\/index.php?rest_route=%2Fwp%2Fv2%2Fcategories&post=209854"},{"taxonomy":"post_tag","embeddable":true,"href":"https:\/\/diariodominicano.com\/index.php?rest_route=%2Fwp%2Fv2%2Ftags&post=209854"}],"curies":[{"name":"wp","href":"https:\/\/api.w.org\/{rel}","templated":true}]}}