{"id":209853,"date":"2017-04-12T16:45:28","date_gmt":"2017-04-12T16:45:28","guid":{"rendered":"http:\/\/diariodominicano.ddns.net\/?p=209853"},"modified":"2017-04-12T16:45:28","modified_gmt":"2017-04-12T16:45:28","slug":"el-dominicano-luis-perdomo-cae-en-la-lista-de-incapacitados-de-los-padres","status":"publish","type":"post","link":"https:\/\/diariodominicano.com\/?p=209853","title":{"rendered":"El dominicano Luis Perdomo cae en la lista de incapacitados de los Padres"},"content":{"rendered":"<p><body><\/p>\n<p><span class=\"text1noticias\">Por Owen Perkins \/ Especial para MLB.com<\/span><\/p>\n<p><span class=\"text1noticias\"> <\/span><\/p>\n<p><span class=\"text1noticias\">DENVER, 12 de abril, 2017 &#8211; El abridor dominicano de los Padres, Luis Perdomo, fue descartado para su apertura del mi\u00e9rcoles debido a una inflamaci\u00f3n en el hombro de lanzar e ingresar\u00e1 a la lista de incapacitados, anunci\u00f3 el manager Andy Green.<\/span><\/p>\n<p><span class=\"text1noticias\"> <\/span><\/p>\n<p><span class=\"text1noticias\">\u00abTiene inflamada la parte posterior del hombro\u00bb, dijo Green acerca de Perdomo. \u00abDesde nuestro punto de vista, no es nada severo. [El movimiento] es m\u00e1s bien una medida de precauci\u00f3n. Es dif\u00edcil fijar fechas en una situaci\u00f3n como \u00e9sta. Guardamos la esperanza de que no pierda muchas salidas\u00bb.<\/span><\/p>\n<p><span class=\"text1noticias\"> <\/span><\/p>\n<p><span class=\"text1noticias\">Aunque Perdomo hab\u00eda experimentado molestias durante m\u00e1s de una semana, se lo comunic\u00f3 a los Padres unos d\u00edas despu\u00e9s de su primera apertura de la campa\u00f1a, en la que cedi\u00f3 cinco carreras en 5.1 innings de labor ante los Gigantes en el Petco Park.<\/span><\/p>\n<p><span class=\"text1noticias\"> <\/span><\/p>\n<p><span class=\"text1noticias\">Perdomo pas\u00f3 tres temporadas completas entre una liga de novatos y Clase-A, antes de ser convocado al equipo grande a principios de la campa\u00f1a del 2016. El quisqueyano encabez\u00f3 a los Frailes en victorias (nueve) e innings de labor (146.2) el a\u00f1o pasado<\/span>.<\/p>\n<h6> 2017-04-12 16:45:28 <\/h6>\n<p><!--\n<link rel=\"stylesheet\" href=\"css\/bootstrap.min.css\">\n\n\n<ul class=\"pagination\">\n\t    \n\t\n\n<li >\n\t<a href='?page_no=9113'>Previous<\/a>\n\t<\/li>\n\n\n       \n    \n\n<li><a href='?page_no=1'>1<\/a><\/li>\n\n\n\n<li><a href='?page_no=2'>2<\/a><\/li>\n\n\n\n<li><a>...<\/a><\/li>\n\n\n\n<li><a href='?page_no=9112'>9112<\/a><\/li>\n\n\n\n<li><a href='?page_no=9113'>9113<\/a><\/li>\n\n\n\n<li class='active'><a>9114<\/a><\/li>\n\n\n\n<li><a href='?page_no=9115'>9115<\/a><\/li>\n\n\n\n<li><a href='?page_no=9116'>9116<\/a><\/li>\n\n\n\n<li><a>...<\/a><\/li>\n\n\n\n<li><a href='?page_no=36618'>36618<\/a><\/li>\n\n\n\n<li><a href='?page_no=36619'>36619<\/a><\/li>\n\n    \n\t\n\n<li >\n\t<a href='?page_no=9115'>Next<\/a>\n\t<\/li>\n\n\n    \n\n<li><a href='?page_no=36619'>Last &rsaquo;&rsaquo;<\/a><\/li>\n\n<\/ul>\n\n\n--><br \/>\n<\/body><\/p>\n","protected":false},"excerpt":{"rendered":"<p>Por Owen Perkins \/ Especial para MLB.com DENVER, 12 de abril, 2017 &#8211; El abridor dominicano de los Padres, Luis Perdomo, fue descartado para su apertura del mi\u00e9rcoles debido a una inflamaci\u00f3n en el hombro de lanzar e ingresar\u00e1 a la lista de incapacitados, anunci\u00f3 el manager Andy Green. \u00abTiene inflamada la parte posterior del [&hellip;]<\/p>\n","protected":false},"author":3,"featured_media":0,"comment_status":"open","ping_status":"open","sticky":false,"template":"","format":"standard","meta":{"footnotes":""},"categories":[17],"tags":[],"class_list":["post-209853","post","type-post","status-publish","format-standard","hentry","category-deportes"],"_links":{"self":[{"href":"https:\/\/diariodominicano.com\/index.php?rest_route=\/wp\/v2\/posts\/209853","targetHints":{"allow":["GET"]}}],"collection":[{"href":"https:\/\/diariodominicano.com\/index.php?rest_route=\/wp\/v2\/posts"}],"about":[{"href":"https:\/\/diariodominicano.com\/index.php?rest_route=\/wp\/v2\/types\/post"}],"author":[{"embeddable":true,"href":"https:\/\/diariodominicano.com\/index.php?rest_route=\/wp\/v2\/users\/3"}],"replies":[{"embeddable":true,"href":"https:\/\/diariodominicano.com\/index.php?rest_route=%2Fwp%2Fv2%2Fcomments&post=209853"}],"version-history":[{"count":0,"href":"https:\/\/diariodominicano.com\/index.php?rest_route=\/wp\/v2\/posts\/209853\/revisions"}],"wp:attachment":[{"href":"https:\/\/diariodominicano.com\/index.php?rest_route=%2Fwp%2Fv2%2Fmedia&parent=209853"}],"wp:term":[{"taxonomy":"category","embeddable":true,"href":"https:\/\/diariodominicano.com\/index.php?rest_route=%2Fwp%2Fv2%2Fcategories&post=209853"},{"taxonomy":"post_tag","embeddable":true,"href":"https:\/\/diariodominicano.com\/index.php?rest_route=%2Fwp%2Fv2%2Ftags&post=209853"}],"curies":[{"name":"wp","href":"https:\/\/api.w.org\/{rel}","templated":true}]}}