{"id":209827,"date":"2017-04-14T20:11:22","date_gmt":"2017-04-14T20:11:22","guid":{"rendered":"http:\/\/diariodominicano.ddns.net\/?p=209827"},"modified":"2017-04-14T20:11:22","modified_gmt":"2017-04-14T20:11:22","slug":"rod-carew-recibio-corazon-y-rinon-de-jugador-de-la-nfl","status":"publish","type":"post","link":"https:\/\/diariodominicano.com\/?p=209827","title":{"rendered":"Rod Carew recibi\u00f3 coraz\u00f3n y ri\u00f1\u00f3n de jugador de la NFL"},"content":{"rendered":"<p><body><\/p>\n<p><span class=\"text1noticias\">Associated Press<\/span><\/p>\n<p><span class=\"text1noticias\"> <\/span><\/p>\n<p><span class=\"text1noticias\">SAN JUAN CAPISTRANO, California, 14 de abril, 2017.- El coraz\u00f3n y ri\u00f1\u00f3n que Rod Carew recibi\u00f3 en un trasplante pertenec\u00edan al jugador de la NFL Konrad Reuland.<\/span><\/p>\n<p><span class=\"text1noticias\"> <\/span><\/p>\n<p><span class=\"text1noticias\">El miembro del Sal\u00f3n de la Fama del b\u00e9isbol fue operado en diciembre, y se reuni\u00f3 con la familia de Reuland en marzo despu\u00e9s que amigos en com\u00fan hicieron la asociaci\u00f3n entre la muerte de Reuland y el trasplante de Carew el 16 de diciembre. El jugador de f\u00fatbol americano falleci\u00f3 cuatro d\u00edas antes, al sufrir un aneurisma cerebral a los 29 a\u00f1os.<\/span><\/p>\n<\/p>\n<p><span class=\"text1noticias\">Se cree que este es el primer caso de trasplante de \u00f3rganos que involucra a dos deportistas profesionales.<\/span><\/p>\n<\/p>\n<p><span class=\"text1noticias\">Reuland fue compa\u00f1ero de escuela con los hijos de Carew en el sur de California, y conoci\u00f3 al expelotero paname\u00f1o cuando ten\u00eda 11 a\u00f1os.<\/span><\/p>\n<\/p>\n<p><span class=\"text1noticias\">\u00abTodo esto es incre\u00edble\u00bb, dijo Carew a American Heart Association News. \u00abTengo una segunda oportunidad en la vida, as\u00ed que voy a aprovecharla. Ahora tengo otra familia\u00bb.<\/span><\/p>\n<\/p>\n<p><span class=\"text1noticias\">Reuland jug\u00f3 con los Jets de Nueva York y Ravens de Baltimore. Tambi\u00e9n tuvo per\u00edodos con los 49ers de San Francisco y Colts de Indian\u00e1polis, que lo dieron de baja en agosto pasado.<\/span><\/p>\n<\/p>\n<p><span class=\"text1noticias\">Los \u00fanicos detalles que la familia de Carew recibi\u00f3 antes del trasplante eran que el donante era \u00abvar\u00f3n, de 20 y tantos largos (a\u00f1os), de la misma zona, de salud excepcional\u00bb.<\/span><\/p>\n<\/p>\n<p><span class=\"text1noticias\">Por su parte, a los Reuland les dijeron que el destinatario era un hombre de 71 a\u00f1os de Orange County.<\/span><\/p>\n<p><span class=\"text1noticias\">Los dos hombres ten\u00edan el mismo tipo de sangre, pero el factor esencial era que ambos eran inmunes a la Hepatitis B. Ninguna de las personas que estaban antes que Carew en la lista de trasplantes era inmune a Hepatitis B.<\/span><\/p>\n<\/p>\n<p><span class=\"text1noticias\">Los padres de Reuland, Ralf y Mary, y su hijo menor Austin, se turnaron para escuchar el coraz\u00f3n de Konrad latiendo en el pecho de Carew cuando se reunieron con el exjugador y su esposa Rhonda, seg\u00fan la American Heart Association News.<\/span><\/p>\n<\/p>\n<p><span class=\"text1noticias\">\u00abEstamos tan agradecidos, que no hay palabras para expresarlo\u00bb, dijo Rhonda a los Reuland.<\/span><\/p>\n<p><span class=\"text1noticias\">Reuland estaba corriendo en una trotadora cuando sinti\u00f3 un fuerte dolor de cabeza el a\u00f1o pasado. El aneurisma &#8211;una especie de inflamaci\u00f3n en una arteria cerebral&#8211; deton\u00f3 unos cuantos d\u00edas despu\u00e9s. Reuland fue operado, pero nunca despert\u00f3 de un coma y su actividad cerebral se detuvo unas cuantas semanas despu\u00e9s.<\/span><\/p>\n<\/p>\n<p><span class=\"text1noticias\">Durante las \u00faltimas horas que Mary pas\u00f3 con su hijo mayor, la mujer mantuvo el o\u00eddo derecho pegado a su pecho. Sus \u00faltimas palabras al representante de la red de donaci\u00f3n de \u00f3rganos fue: \u00abAseg\u00farense que este coraz\u00f3n sea para una persona realmente buena, porque Konrad era una persona muy buena\u00bb.<\/span><\/p>\n<p><span class=\"text1noticias\">Los problemas de salud de Carew comenzaron en septiembre de 2015 cuando tuvo un infarto mientras jugaba golf. El paname\u00f1o se pas\u00f3 un a\u00f1o con una m\u00e1quina que ayudaba a circular la sangre por su cuerp<\/span>o.<\/p>\n<h6> 2017-04-14 20:11:22 <\/h6>\n<p><!--\n<link rel=\"stylesheet\" href=\"css\/bootstrap.min.css\">\n\n\n<ul class=\"pagination\">\n\t    \n\t\n\n<li >\n\t<a href='?page_no=9090'>Previous<\/a>\n\t<\/li>\n\n\n       \n    \n\n<li><a href='?page_no=1'>1<\/a><\/li>\n\n\n\n<li><a href='?page_no=2'>2<\/a><\/li>\n\n\n\n<li><a>...<\/a><\/li>\n\n\n\n<li><a href='?page_no=9089'>9089<\/a><\/li>\n\n\n\n<li><a href='?page_no=9090'>9090<\/a><\/li>\n\n\n\n<li class='active'><a>9091<\/a><\/li>\n\n\n\n<li><a href='?page_no=9092'>9092<\/a><\/li>\n\n\n\n<li><a href='?page_no=9093'>9093<\/a><\/li>\n\n\n\n<li><a>...<\/a><\/li>\n\n\n\n<li><a href='?page_no=36618'>36618<\/a><\/li>\n\n\n\n<li><a href='?page_no=36619'>36619<\/a><\/li>\n\n    \n\t\n\n<li >\n\t<a href='?page_no=9092'>Next<\/a>\n\t<\/li>\n\n\n    \n\n<li><a href='?page_no=36619'>Last &rsaquo;&rsaquo;<\/a><\/li>\n\n<\/ul>\n\n\n--><br \/>\n<\/body><\/p>\n","protected":false},"excerpt":{"rendered":"<p>Associated Press SAN JUAN CAPISTRANO, California, 14 de abril, 2017.- El coraz\u00f3n y ri\u00f1\u00f3n que Rod Carew recibi\u00f3 en un trasplante pertenec\u00edan al jugador de la NFL Konrad Reuland. El miembro del Sal\u00f3n de la Fama del b\u00e9isbol fue operado en diciembre, y se reuni\u00f3 con la familia de Reuland en marzo despu\u00e9s que amigos [&hellip;]<\/p>\n","protected":false},"author":3,"featured_media":0,"comment_status":"open","ping_status":"open","sticky":false,"template":"","format":"standard","meta":{"footnotes":""},"categories":[17],"tags":[],"class_list":["post-209827","post","type-post","status-publish","format-standard","hentry","category-deportes"],"_links":{"self":[{"href":"https:\/\/diariodominicano.com\/index.php?rest_route=\/wp\/v2\/posts\/209827","targetHints":{"allow":["GET"]}}],"collection":[{"href":"https:\/\/diariodominicano.com\/index.php?rest_route=\/wp\/v2\/posts"}],"about":[{"href":"https:\/\/diariodominicano.com\/index.php?rest_route=\/wp\/v2\/types\/post"}],"author":[{"embeddable":true,"href":"https:\/\/diariodominicano.com\/index.php?rest_route=\/wp\/v2\/users\/3"}],"replies":[{"embeddable":true,"href":"https:\/\/diariodominicano.com\/index.php?rest_route=%2Fwp%2Fv2%2Fcomments&post=209827"}],"version-history":[{"count":0,"href":"https:\/\/diariodominicano.com\/index.php?rest_route=\/wp\/v2\/posts\/209827\/revisions"}],"wp:attachment":[{"href":"https:\/\/diariodominicano.com\/index.php?rest_route=%2Fwp%2Fv2%2Fmedia&parent=209827"}],"wp:term":[{"taxonomy":"category","embeddable":true,"href":"https:\/\/diariodominicano.com\/index.php?rest_route=%2Fwp%2Fv2%2Fcategories&post=209827"},{"taxonomy":"post_tag","embeddable":true,"href":"https:\/\/diariodominicano.com\/index.php?rest_route=%2Fwp%2Fv2%2Ftags&post=209827"}],"curies":[{"name":"wp","href":"https:\/\/api.w.org\/{rel}","templated":true}]}}