{"id":209810,"date":"2017-04-17T15:11:22","date_gmt":"2017-04-17T15:11:22","guid":{"rendered":"http:\/\/diariodominicano.ddns.net\/?p=209810"},"modified":"2017-04-17T15:11:22","modified_gmt":"2017-04-17T15:11:22","slug":"impacta-el-lanzador-promisorio-antonio-senzatela-con-los-rockies","status":"publish","type":"post","link":"https:\/\/diariodominicano.com\/?p=209810","title":{"rendered":"Impacta el lanzador promisorio Antonio Senzatela con los Rockies"},"content":{"rendered":"<p><body><\/p>\n<p><span class=\"text1noticias\">Por Manolo Hern\u00e1ndez Douen<\/span><\/p>\n<p><span class=\"text1noticias\"> <\/span><\/p>\n<p><span class=\"text1noticias\">SAN FRANCISCO, 17 de abril, 2017&#8211; Antonio Senzatela era conceptuado como un lanzador muy promisorio pr\u00e1cticamente desde que firm\u00f3 como un agente libre internacional en el 2011 a los 16 a\u00f1os de edad.<\/span><\/p>\n<p><span class=\"text1noticias\"> <\/span><\/p>\n<p><span class=\"text1noticias\">El impresionante talento del joven nacido en Valencia, Venezuela, le permiti\u00f3 superar todos los pron\u00f3sticos de los entendidos en el 2014, cuando tuvo marca de 15-2 con efectividad de 3.11 en 26 aperturas a nivel de la Clase &#8216;A&#8217; baja.<\/span><\/p>\n<\/p>\n<p><span class=\"text1noticias\">Menos de tres a\u00f1os m\u00e1s tarde, Senzatela pertenece a una rotaci\u00f3n de Grandes Ligas y por lo que ha demostrado hasta ahora parece que est\u00e1 all\u00ed para quedarse con los Rockies de Colorado, usualmente hambrientos de buen pitcheo.<\/span><\/p>\n<\/p>\n<p><span class=\"text1noticias\">\u00abPrimero que nada dispone del talento, el material\u00bb, elogi\u00f3 el dirigente de los Rockies, Bud Black. \u00abTiene buena recta. Sus env\u00edos secundarios, la slider y el cambio, ya vienen por all\u00ed, necesita trabajar en ellos.<\/span><\/p>\n<p><span class=\"text1noticias\">\u00abLo que realmente nos gusta es su competitividad\u00bb, reforz\u00f3 el otrora lanzador zurdo. \u00abTiene buen latido de coraz\u00f3n, buen pulso. Mientras avanza el juego, por bien cerrado que sea, tiene la tendencia a subir su nivel de pitcheo. Dispone del sentido para poner el extra cuando hace falta.<\/span><\/p>\n<\/p>\n<p><span class=\"text1noticias\">\u00abCreo que [el domingo] exhibi\u00f3 su mejor calidad entre los pitcheos 60 y 90, esa es una buena se\u00f1al para un hombre tan joven\u00bb, acentu\u00f3 Black.<\/span><\/p>\n<\/p>\n<p><span class=\"text1noticias\">Varias de esas caracter\u00edsticas de Senzatela, cuyo apellido es de origen italiano por herencia de uno de sus abuelos, fueron observadas por la fanaticada en San Francisco, en una tarde dominical bien fr\u00eda y lluviosa que se le hizo bien dif\u00edcil para los lanzadores.<\/span><\/p>\n<\/p>\n<p><span class=\"text1noticias\">El veterano Jeff Samardzija, abridor de los Gigantes, fue sacudido por tres carreras en la propia entrada inicial, pero los anfitriones hicieron lo propio con Senzatela.<\/span><\/p>\n<\/p>\n<p><span class=\"text1noticias\">Cualquier otro lanzador tan joven pudo haberse derretido como la mantequilla al contacto de un cuchillo caliente, pero Senzatela se las ingeni\u00f3 para maniatar en blanco a los Gigantes en los siguientes seis episodios en camino a una victoria de los Rockies por 4-3.<\/span><\/p>\n<\/p>\n<p><span class=\"text1noticias\">El triunfo de Senzatela, que de esa manera qued\u00f3 con registro de 2-0 y efectividad de 2.37 luego de sus primeras tres aperturas en la meca de la pelota, le permiti\u00f3 a los Rockies ganar la primera serie de cuatro juegos de su historia en el AT&amp;T Park.<\/span><\/p>\n<\/p>\n<p><span class=\"text1noticias\">\u00abLe vi tirar la mejor curva que le observado, incluyendo los Entrenamientos Primaverales\u00bb, admir\u00f3 Black, ex dirigente de los Padres de San Diego.<\/span><\/p>\n<\/p>\n<p><span class=\"text1noticias\">Ese punto de vista de Black no es exclusivo del piloto de los Rockies. Es compartido por Tony Wolters, quien fuera el receptor del venezolano en aquella tarde pasada por agua en San Francisco.<\/span><\/p>\n<\/p>\n<p><span class=\"text1noticias\">\u00abEs agresivo, pero a la vez sabe controlar sus emociones\u00bb, coment\u00f3 Wolters. \u00abTrabaja duro y va a seguir mejorando y mejorando\u00bb.<\/span><\/p>\n<\/p>\n<p><span class=\"text1noticias\">Por su parte, Senzatela sabe que le sonr\u00ede el porvenir, pero tambi\u00e9n est\u00e1 convencido de que la clave para el \u00e9xito es el trabajo duro.<\/span><\/p>\n<\/p>\n<p><span class=\"text1noticias\">\u00abCada vez que hago bullpen trabajo en mis env\u00edos rompientes, porque s\u00e9 que de verdad los necesito\u00bb, revel\u00f3 Senzatela. \u00abHoy [el domingo] estuvieron muy buenos, gracias a Dios y me ayudaron cuando m\u00e1s me hicieron falta\u00bb.<\/span><\/p>\n<\/p>\n<p><span class=\"text1noticias\">Las condiciones con las que tuvo que lidiar en San Francisco no fueron ajenas para Senzatela.<\/span><\/p>\n<p><span class=\"text1noticias\">\u00abCuando estaba en Doble &#8216;A&#8217;, una vez lanc\u00e9 con m\u00e1s fr\u00edo y lloviendo m\u00e1s duro\u00bb, record\u00f3 Senzatela. <\/span><\/p>\n<\/p>\n<p><span class=\"text1noticias\">\u00abCreo que lo mejor que tengo son mi recta, mi comando y que me mantengo calmado siempre\u00bb.<\/span><\/p>\n<\/p>\n<p><span class=\"text1noticias\">El veloz derecho de la patria de Sim\u00f3n Bol\u00edvar considera que es bien importante para un lanzador joven tener un dirigente como Black, ganador de 121 juegos en la Gran Carpa y con enorme experiencia como manager y ejecutivo.<\/span><\/p>\n<\/p>\n<p><span class=\"text1noticias\">\u00abLo ayuda mucho a uno en las situaciones de juego\u00bb, agradeci\u00f3 Senzatela. \u00abLe da a uno mucha informaci\u00f3n. Me gustar\u00eda mejorar mi cambio y mi slider.<\/span><\/p>\n<\/p>\n<p><span class=\"text1noticias\">\u00abMe ayudaron mucho todos los instructores de pitcheo que tuve en las Ligas Menores, especialmente [el dominicano] Edison Lora\u00bb, concluy\u00f3 el derecho venezolano<\/span>.<\/p>\n<h6> 2017-04-17 15:11:22 <\/h6>\n<p><!--\n<link rel=\"stylesheet\" href=\"css\/bootstrap.min.css\">\n\n\n<ul class=\"pagination\">\n\t    \n\t\n\n<li >\n\t<a href='?page_no=9075'>Previous<\/a>\n\t<\/li>\n\n\n       \n    \n\n<li><a href='?page_no=1'>1<\/a><\/li>\n\n\n\n<li><a href='?page_no=2'>2<\/a><\/li>\n\n\n\n<li><a>...<\/a><\/li>\n\n\n\n<li><a href='?page_no=9074'>9074<\/a><\/li>\n\n\n\n<li><a href='?page_no=9075'>9075<\/a><\/li>\n\n\n\n<li class='active'><a>9076<\/a><\/li>\n\n\n\n<li><a href='?page_no=9077'>9077<\/a><\/li>\n\n\n\n<li><a href='?page_no=9078'>9078<\/a><\/li>\n\n\n\n<li><a>...<\/a><\/li>\n\n\n\n<li><a href='?page_no=36618'>36618<\/a><\/li>\n\n\n\n<li><a href='?page_no=36619'>36619<\/a><\/li>\n\n    \n\t\n\n<li >\n\t<a href='?page_no=9077'>Next<\/a>\n\t<\/li>\n\n\n    \n\n<li><a href='?page_no=36619'>Last &rsaquo;&rsaquo;<\/a><\/li>\n\n<\/ul>\n\n\n--><br \/>\n<\/body><\/p>\n","protected":false},"excerpt":{"rendered":"<p>Por Manolo Hern\u00e1ndez Douen SAN FRANCISCO, 17 de abril, 2017&#8211; Antonio Senzatela era conceptuado como un lanzador muy promisorio pr\u00e1cticamente desde que firm\u00f3 como un agente libre internacional en el 2011 a los 16 a\u00f1os de edad. El impresionante talento del joven nacido en Valencia, Venezuela, le permiti\u00f3 superar todos los pron\u00f3sticos de los entendidos [&hellip;]<\/p>\n","protected":false},"author":3,"featured_media":0,"comment_status":"open","ping_status":"open","sticky":false,"template":"","format":"standard","meta":{"footnotes":""},"categories":[17],"tags":[],"class_list":["post-209810","post","type-post","status-publish","format-standard","hentry","category-deportes"],"_links":{"self":[{"href":"https:\/\/diariodominicano.com\/index.php?rest_route=\/wp\/v2\/posts\/209810","targetHints":{"allow":["GET"]}}],"collection":[{"href":"https:\/\/diariodominicano.com\/index.php?rest_route=\/wp\/v2\/posts"}],"about":[{"href":"https:\/\/diariodominicano.com\/index.php?rest_route=\/wp\/v2\/types\/post"}],"author":[{"embeddable":true,"href":"https:\/\/diariodominicano.com\/index.php?rest_route=\/wp\/v2\/users\/3"}],"replies":[{"embeddable":true,"href":"https:\/\/diariodominicano.com\/index.php?rest_route=%2Fwp%2Fv2%2Fcomments&post=209810"}],"version-history":[{"count":0,"href":"https:\/\/diariodominicano.com\/index.php?rest_route=\/wp\/v2\/posts\/209810\/revisions"}],"wp:attachment":[{"href":"https:\/\/diariodominicano.com\/index.php?rest_route=%2Fwp%2Fv2%2Fmedia&parent=209810"}],"wp:term":[{"taxonomy":"category","embeddable":true,"href":"https:\/\/diariodominicano.com\/index.php?rest_route=%2Fwp%2Fv2%2Fcategories&post=209810"},{"taxonomy":"post_tag","embeddable":true,"href":"https:\/\/diariodominicano.com\/index.php?rest_route=%2Fwp%2Fv2%2Ftags&post=209810"}],"curies":[{"name":"wp","href":"https:\/\/api.w.org\/{rel}","templated":true}]}}