{"id":209806,"date":"2017-04-17T15:35:24","date_gmt":"2017-04-17T15:35:24","guid":{"rendered":"http:\/\/diariodominicano.ddns.net\/?p=209806"},"modified":"2017-04-17T15:35:24","modified_gmt":"2017-04-17T15:35:24","slug":"clayton-blackburn-pasa-de-s-f-a-texas-por-el-prospecto-dominicano-frandy-de-la-rosa","status":"publish","type":"post","link":"https:\/\/diariodominicano.com\/?p=209806","title":{"rendered":"Clayton Blackburn pasa de S.F. a Texas por el prospecto dominicano Frandy de la Rosa"},"content":{"rendered":"<p><body><\/p>\n<p><img decoding=\"async\" src=\"img3\/Clayton17.jpg\" \/>  <\/p>\n<p><span class=\"text1noticias\">Por Doug Miller<\/span><\/p>\n<p><span class=\"text1noticias\"> <\/span><\/p>\n<p><span class=\"text1noticias\">SEATTLE, 17 de abril, 2017&#8211; Los Rangers adquirieron al lanzador Clayton Blackburn de los Gigantes a cambio del prospecto dominicano Frandy de la Rosa.<\/span><\/p>\n<p><span class=\"text1noticias\"> <\/span><\/p>\n<p><span class=\"text1noticias\">Blackburn, de 24 edad, no ha realizado presentaci\u00f3n alguna en las Grandes Ligas, aunque tuvo una estad\u00eda de tres d\u00edas con los Gigantes la temporada pasada. El derecho lleva 3.30 de efectividad y 8.3 ponches por cada nueve entradas en su carrera de siete a\u00f1os en liga menor.<\/span><\/p>\n<p><span class=\"text1noticias\"> <\/span><\/p>\n<p><span class=\"text1noticias\">De la Rosa fue adquirido por San Francisco en un canje con los Cachorros el 20 de noviembre del 2015. El infielder jug\u00f3 la campa\u00f1a pasada en Clase-A Hickory y arranc\u00f3 este a\u00f1o con Clase-A Avanzada Down East, donde tuvo promedio de .107 en sus primeros ocho juego<\/span>s.<\/p>\n<h6> 2017-04-17 15:35:24 <\/h6>\n<p><!--\n<link rel=\"stylesheet\" href=\"css\/bootstrap.min.css\">\n\n\n<ul class=\"pagination\">\n\t    \n\t\n\n<li >\n\t<a href='?page_no=9071'>Previous<\/a>\n\t<\/li>\n\n\n       \n    \n\n<li><a href='?page_no=1'>1<\/a><\/li>\n\n\n\n<li><a href='?page_no=2'>2<\/a><\/li>\n\n\n\n<li><a>...<\/a><\/li>\n\n\n\n<li><a href='?page_no=9070'>9070<\/a><\/li>\n\n\n\n<li><a href='?page_no=9071'>9071<\/a><\/li>\n\n\n\n<li class='active'><a>9072<\/a><\/li>\n\n\n\n<li><a href='?page_no=9073'>9073<\/a><\/li>\n\n\n\n<li><a href='?page_no=9074'>9074<\/a><\/li>\n\n\n\n<li><a>...<\/a><\/li>\n\n\n\n<li><a href='?page_no=36618'>36618<\/a><\/li>\n\n\n\n<li><a href='?page_no=36619'>36619<\/a><\/li>\n\n    \n\t\n\n<li >\n\t<a href='?page_no=9073'>Next<\/a>\n\t<\/li>\n\n\n    \n\n<li><a href='?page_no=36619'>Last &rsaquo;&rsaquo;<\/a><\/li>\n\n<\/ul>\n\n\n--><br \/>\n<\/body><\/p>\n","protected":false},"excerpt":{"rendered":"<p>Por Doug Miller SEATTLE, 17 de abril, 2017&#8211; Los Rangers adquirieron al lanzador Clayton Blackburn de los Gigantes a cambio del prospecto dominicano Frandy de la Rosa. Blackburn, de 24 edad, no ha realizado presentaci\u00f3n alguna en las Grandes Ligas, aunque tuvo una estad\u00eda de tres d\u00edas con los Gigantes la temporada pasada. El derecho [&hellip;]<\/p>\n","protected":false},"author":3,"featured_media":0,"comment_status":"open","ping_status":"open","sticky":false,"template":"","format":"standard","meta":{"footnotes":""},"categories":[17],"tags":[],"class_list":["post-209806","post","type-post","status-publish","format-standard","hentry","category-deportes"],"_links":{"self":[{"href":"https:\/\/diariodominicano.com\/index.php?rest_route=\/wp\/v2\/posts\/209806","targetHints":{"allow":["GET"]}}],"collection":[{"href":"https:\/\/diariodominicano.com\/index.php?rest_route=\/wp\/v2\/posts"}],"about":[{"href":"https:\/\/diariodominicano.com\/index.php?rest_route=\/wp\/v2\/types\/post"}],"author":[{"embeddable":true,"href":"https:\/\/diariodominicano.com\/index.php?rest_route=\/wp\/v2\/users\/3"}],"replies":[{"embeddable":true,"href":"https:\/\/diariodominicano.com\/index.php?rest_route=%2Fwp%2Fv2%2Fcomments&post=209806"}],"version-history":[{"count":0,"href":"https:\/\/diariodominicano.com\/index.php?rest_route=\/wp\/v2\/posts\/209806\/revisions"}],"wp:attachment":[{"href":"https:\/\/diariodominicano.com\/index.php?rest_route=%2Fwp%2Fv2%2Fmedia&parent=209806"}],"wp:term":[{"taxonomy":"category","embeddable":true,"href":"https:\/\/diariodominicano.com\/index.php?rest_route=%2Fwp%2Fv2%2Fcategories&post=209806"},{"taxonomy":"post_tag","embeddable":true,"href":"https:\/\/diariodominicano.com\/index.php?rest_route=%2Fwp%2Fv2%2Ftags&post=209806"}],"curies":[{"name":"wp","href":"https:\/\/api.w.org\/{rel}","templated":true}]}}