{"id":209805,"date":"2017-04-17T15:45:42","date_gmt":"2017-04-17T15:45:42","guid":{"rendered":"http:\/\/diariodominicano.ddns.net\/?p=209805"},"modified":"2017-04-17T15:45:42","modified_gmt":"2017-04-17T15:45:42","slug":"ciclista-italiano-scarponi-conquista-primera-etapa-de-tour-los-alpes","status":"publish","type":"post","link":"https:\/\/diariodominicano.com\/?p=209805","title":{"rendered":"Ciclista italiano Scarponi conquista primera etapa de Tour los Alpes"},"content":{"rendered":"<p><body><\/p>\n<p><img decoding=\"async\" src=\"img3\/tour-alpes17.jpg\" \/>  <\/p>\n<p><span class=\"text1noticias\">Innsbruck, Austria, 17 abr (PL) El ciclista italiano Michele Scarponi, del equipo Astana, se adjudic\u00f3 hoy la primera etapa del Tour de los Alpes, cuyo trayecto const\u00f3 de 142 kil\u00f3metros entre Kufstein e Innsbruck.(PLRadio)<\/span><\/p>\n<p><span class=\"text1noticias\"> <\/span><\/p>\n<p><span class=\"text1noticias\">Scarponi, corredor de 37 a\u00f1os, asumi\u00f3 perfectamente el rol protag\u00f3nico de su club tras la ausencia de su compatriota Fabio Aru, para conquistar el primer segmento de competencia al vencer en el sprint final al brit\u00e1nico Geraint Thomas (Sky) con tiempo de 3:32.15 horas.<\/span><\/p>\n<p><span class=\"text1noticias\"> <\/span><\/p>\n<p><span class=\"text1noticias\">Detr\u00e1s de los punteros arrib\u00f3 a la meta el franc\u00e9s Thibaut Pinot (Francaise), a seis segundos de diferencia, tras no poder con el empuje del corredor transalpino en los metros finales del trayecto.<\/span><\/p>\n<p><span class=\"text1noticias\"> <\/span><\/p>\n<p><span class=\"text1noticias\">Por su parte, el espa\u00f1ol Mikel Landa (Sky), defensor del t\u00edtulo, arrib\u00f3 a la meta en el puesto 21 a 26 segundos del ganador.<\/span><\/p>\n<p><span class=\"text1noticias\"> <\/span><\/p>\n<p><span class=\"text1noticias\">Ma\u00f1ana se disputar\u00e1 la segunda etapa, de 181 km, entre las localidades de Innsbruck e Innervillgraten.<\/span><\/p>\n<p><span class=\"text1noticias\"> <\/span><\/p>\n<p><span class=\"text1noticias\">&#8212; <\/span><\/p>\n<p><span class=\"text1noticias\"> <\/span><\/p>\n<p><span class=\"text1noticias\">Clasificaci\u00f3n de la primera etapa: <\/span><\/p>\n<p><span class=\"text1noticias\"> <\/span><\/p>\n<p><span class=\"text1noticias\">-1.Michele Scarponi (ITA\/Astana) 3:32.15 horas.<\/span><\/p>\n<p><span class=\"text1noticias\"> <\/span><\/p>\n<p><span class=\"text1noticias\">-2.Geraint Thomas (GBR\/Sky) mismo tiempo.<\/span><\/p>\n<p><span class=\"text1noticias\"> <\/span><\/p>\n<p><span class=\"text1noticias\">-3.Thibaut Pinot (FRA\/Francaise) a 6 segundos.<\/span><\/p>\n<p><span class=\"text1noticias\"> <\/span><\/p>\n<p><span class=\"text1noticias\">-4.Davide Formolo (ITA\/ Cannondale) a 10.<\/span><\/p>\n<p><span class=\"text1noticias\"> <\/span><\/p>\n<p><span class=\"text1noticias\">-5.Domenico Pozzovivo (ITA\/AG2R) m.t.<\/span><\/p>\n<p><span class=\"text1noticias\"> <\/span><\/p>\n<p><span class=\"text1noticias\">-6.Dario Cataldo (ITA\/Astana) m.t.<\/span><\/p>\n<p><span class=\"text1noticias\"> <\/span><\/p>\n<p><span class=\"text1noticias\">-7.Mattia Cattaneo (ITA\/Androni) a 14.<\/span><\/p>\n<p><span class=\"text1noticias\"> <\/span><\/p>\n<p><span class=\"text1noticias\">-8.Hugh Carthy (GBR\/Cannondale) a 18.<\/span><\/p>\n<p><span class=\"text1noticias\"> <\/span><\/p>\n<p><span class=\"text1noticias\">-9.Rohan Dennis (AUS\/BMC) a 21.<\/span><\/p>\n<p><span class=\"text1noticias\"> <\/span><\/p>\n<p><span class=\"text1noticias\">-10.Damiano Caruso (ITA\/BMC) m.t.<\/span><\/p>\n<p><span class=\"text1noticias\"> <\/span><\/p>\n<p><span class=\"text1noticias\">-21.Mikel Land<\/span>a (ESP\/Sky) a 36.<\/p>\n<h6> 2017-04-17 15:45:42 <\/h6>\n<p><!--\n<link rel=\"stylesheet\" href=\"css\/bootstrap.min.css\">\n\n\n<ul class=\"pagination\">\n\t    \n\t\n\n<li >\n\t<a href='?page_no=9070'>Previous<\/a>\n\t<\/li>\n\n\n       \n    \n\n<li><a href='?page_no=1'>1<\/a><\/li>\n\n\n\n<li><a href='?page_no=2'>2<\/a><\/li>\n\n\n\n<li><a>...<\/a><\/li>\n\n\n\n<li><a href='?page_no=9069'>9069<\/a><\/li>\n\n\n\n<li><a href='?page_no=9070'>9070<\/a><\/li>\n\n\n\n<li class='active'><a>9071<\/a><\/li>\n\n\n\n<li><a href='?page_no=9072'>9072<\/a><\/li>\n\n\n\n<li><a href='?page_no=9073'>9073<\/a><\/li>\n\n\n\n<li><a>...<\/a><\/li>\n\n\n\n<li><a href='?page_no=36618'>36618<\/a><\/li>\n\n\n\n<li><a href='?page_no=36619'>36619<\/a><\/li>\n\n    \n\t\n\n<li >\n\t<a href='?page_no=9072'>Next<\/a>\n\t<\/li>\n\n\n    \n\n<li><a href='?page_no=36619'>Last &rsaquo;&rsaquo;<\/a><\/li>\n\n<\/ul>\n\n\n--><br \/>\n<\/body><\/p>\n","protected":false},"excerpt":{"rendered":"<p>Innsbruck, Austria, 17 abr (PL) El ciclista italiano Michele Scarponi, del equipo Astana, se adjudic\u00f3 hoy la primera etapa del Tour de los Alpes, cuyo trayecto const\u00f3 de 142 kil\u00f3metros entre Kufstein e Innsbruck.(PLRadio) Scarponi, corredor de 37 a\u00f1os, asumi\u00f3 perfectamente el rol protag\u00f3nico de su club tras la ausencia de su compatriota Fabio Aru, [&hellip;]<\/p>\n","protected":false},"author":3,"featured_media":0,"comment_status":"open","ping_status":"open","sticky":false,"template":"","format":"standard","meta":{"footnotes":""},"categories":[17],"tags":[],"class_list":["post-209805","post","type-post","status-publish","format-standard","hentry","category-deportes"],"_links":{"self":[{"href":"https:\/\/diariodominicano.com\/index.php?rest_route=\/wp\/v2\/posts\/209805","targetHints":{"allow":["GET"]}}],"collection":[{"href":"https:\/\/diariodominicano.com\/index.php?rest_route=\/wp\/v2\/posts"}],"about":[{"href":"https:\/\/diariodominicano.com\/index.php?rest_route=\/wp\/v2\/types\/post"}],"author":[{"embeddable":true,"href":"https:\/\/diariodominicano.com\/index.php?rest_route=\/wp\/v2\/users\/3"}],"replies":[{"embeddable":true,"href":"https:\/\/diariodominicano.com\/index.php?rest_route=%2Fwp%2Fv2%2Fcomments&post=209805"}],"version-history":[{"count":0,"href":"https:\/\/diariodominicano.com\/index.php?rest_route=\/wp\/v2\/posts\/209805\/revisions"}],"wp:attachment":[{"href":"https:\/\/diariodominicano.com\/index.php?rest_route=%2Fwp%2Fv2%2Fmedia&parent=209805"}],"wp:term":[{"taxonomy":"category","embeddable":true,"href":"https:\/\/diariodominicano.com\/index.php?rest_route=%2Fwp%2Fv2%2Fcategories&post=209805"},{"taxonomy":"post_tag","embeddable":true,"href":"https:\/\/diariodominicano.com\/index.php?rest_route=%2Fwp%2Fv2%2Ftags&post=209805"}],"curies":[{"name":"wp","href":"https:\/\/api.w.org\/{rel}","templated":true}]}}