{"id":209799,"date":"2017-04-18T14:56:01","date_gmt":"2017-04-18T14:56:01","guid":{"rendered":"http:\/\/diariodominicano.ddns.net\/?p=209799"},"modified":"2017-04-18T14:56:01","modified_gmt":"2017-04-18T14:56:01","slug":"brasil-con-30-competidores-a-suramericano-de-canotaje","status":"publish","type":"post","link":"https:\/\/diariodominicano.com\/?p=209799","title":{"rendered":"Brasil con 30 competidores a Suramericano de canotaje"},"content":{"rendered":"<p><body><\/p>\n<p><span class=\"text1noticias\">Brasil, 18 abr (PL) Brasil estar\u00e1 representado por 30 competidores en el Campeonato Suramericano de canotaje de velocidad y paracanotaje, que desde ma\u00f1ana y hasta el 23 de abril transcurrir\u00e1 en la ciudad colombiana de Paipa, anunciaron hoy fuentes de la disciplina.<\/span><\/p>\n<p><span class=\"text1noticias\"> <\/span><\/p>\n<p><span class=\"text1noticias\">El prop\u00f3sito del equipo de kayak y canoa, compuesto por 26 deportistas, es reafirmar su condici\u00f3n de potencia de este deporte en la regi\u00f3n, afirm\u00f3 el t\u00e9cnico Rui Fern\u00e1ndes, seg\u00fan el cual, la meta es &#8216;traer el mayor n\u00famero de medallas posible&#8217;.<\/span><\/p>\n<p><span class=\"text1noticias\"> <\/span><\/p>\n<p><span class=\"text1noticias\">En las \u00faltimas tres ediciones de estas lides, los brasile\u00f1os conquistaron dos oros y una plata por equipos y tuvieron en Argentina a su principal rival, indic\u00f3 la Confederaci\u00f3n Brasile\u00f1a de Canotaje (CBC).<\/span><\/p>\n<p><span class=\"text1noticias\"> <\/span><\/p>\n<p><span class=\"text1noticias\">Respecto a la contienda en el paracanotaje, la propia fuente inform\u00f3 que habr\u00e1 seis brasile\u00f1os en lidia y su prop\u00f3sito ser\u00e1 no solo reafirmar su poder\u00edo en el Cono Sur americano, sino tambi\u00e9n poner en marcha la preparaci\u00f3n con miras al calendario internacional de competencias que ya comienza.<\/span><\/p>\n<p><span class=\"text1noticias\"> <\/span><\/p>\n<p><span class=\"text1noticias\">La justa suramericana arrancar\u00e1 este mi\u00e9rcoles con el pesaje de las embarcaciones, que se lanzar\u00e1n al agua a partir del viernes con el K-1 a mil metros masculino, categor\u00eda senior, como la primera prueba a disputa<\/span>rse.<\/p>\n<h6> 2017-04-18 14:56:01 <\/h6>\n<p><!--\n<link rel=\"stylesheet\" href=\"css\/bootstrap.min.css\">\n\n\n<ul class=\"pagination\">\n\t    \n\t\n\n<li >\n\t<a href='?page_no=9065'>Previous<\/a>\n\t<\/li>\n\n\n       \n    \n\n<li><a href='?page_no=1'>1<\/a><\/li>\n\n\n\n<li><a href='?page_no=2'>2<\/a><\/li>\n\n\n\n<li><a>...<\/a><\/li>\n\n\n\n<li><a href='?page_no=9064'>9064<\/a><\/li>\n\n\n\n<li><a href='?page_no=9065'>9065<\/a><\/li>\n\n\n\n<li class='active'><a>9066<\/a><\/li>\n\n\n\n<li><a href='?page_no=9067'>9067<\/a><\/li>\n\n\n\n<li><a href='?page_no=9068'>9068<\/a><\/li>\n\n\n\n<li><a>...<\/a><\/li>\n\n\n\n<li><a href='?page_no=36618'>36618<\/a><\/li>\n\n\n\n<li><a href='?page_no=36619'>36619<\/a><\/li>\n\n    \n\t\n\n<li >\n\t<a href='?page_no=9067'>Next<\/a>\n\t<\/li>\n\n\n    \n\n<li><a href='?page_no=36619'>Last &rsaquo;&rsaquo;<\/a><\/li>\n\n<\/ul>\n\n\n--><br \/>\n<\/body><\/p>\n","protected":false},"excerpt":{"rendered":"<p>Brasil, 18 abr (PL) Brasil estar\u00e1 representado por 30 competidores en el Campeonato Suramericano de canotaje de velocidad y paracanotaje, que desde ma\u00f1ana y hasta el 23 de abril transcurrir\u00e1 en la ciudad colombiana de Paipa, anunciaron hoy fuentes de la disciplina. El prop\u00f3sito del equipo de kayak y canoa, compuesto por 26 deportistas, es [&hellip;]<\/p>\n","protected":false},"author":3,"featured_media":0,"comment_status":"open","ping_status":"open","sticky":false,"template":"","format":"standard","meta":{"footnotes":""},"categories":[17],"tags":[],"class_list":["post-209799","post","type-post","status-publish","format-standard","hentry","category-deportes"],"_links":{"self":[{"href":"https:\/\/diariodominicano.com\/index.php?rest_route=\/wp\/v2\/posts\/209799","targetHints":{"allow":["GET"]}}],"collection":[{"href":"https:\/\/diariodominicano.com\/index.php?rest_route=\/wp\/v2\/posts"}],"about":[{"href":"https:\/\/diariodominicano.com\/index.php?rest_route=\/wp\/v2\/types\/post"}],"author":[{"embeddable":true,"href":"https:\/\/diariodominicano.com\/index.php?rest_route=\/wp\/v2\/users\/3"}],"replies":[{"embeddable":true,"href":"https:\/\/diariodominicano.com\/index.php?rest_route=%2Fwp%2Fv2%2Fcomments&post=209799"}],"version-history":[{"count":0,"href":"https:\/\/diariodominicano.com\/index.php?rest_route=\/wp\/v2\/posts\/209799\/revisions"}],"wp:attachment":[{"href":"https:\/\/diariodominicano.com\/index.php?rest_route=%2Fwp%2Fv2%2Fmedia&parent=209799"}],"wp:term":[{"taxonomy":"category","embeddable":true,"href":"https:\/\/diariodominicano.com\/index.php?rest_route=%2Fwp%2Fv2%2Fcategories&post=209799"},{"taxonomy":"post_tag","embeddable":true,"href":"https:\/\/diariodominicano.com\/index.php?rest_route=%2Fwp%2Fv2%2Ftags&post=209799"}],"curies":[{"name":"wp","href":"https:\/\/api.w.org\/{rel}","templated":true}]}}