{"id":209794,"date":"2017-04-18T16:29:21","date_gmt":"2017-04-18T16:29:21","guid":{"rendered":"http:\/\/diariodominicano.ddns.net\/?p=209794"},"modified":"2017-04-18T16:29:21","modified_gmt":"2017-04-18T16:29:21","slug":"clay-buchholz-fue-operado-del-antebrazo-y-podria-perder-el-resto-de-la-temporada","status":"publish","type":"post","link":"https:\/\/diariodominicano.com\/?p=209794","title":{"rendered":"Clay Buchholz fue operado del antebrazo y podr\u00eda perder el resto de la temporada"},"content":{"rendered":"<p><body><\/p>\n<p><span class=\"text1noticias\">Por Oliver Macklin <\/span><\/p>\n<p><span class=\"text1noticias\"> <\/span><\/p>\n<p><span class=\"text1noticias\">La primera temporada de Clay Buchholz con los Filis podr\u00eda haber terminado ya.<\/span><\/p>\n<p><span class=\"text1noticias\"> <\/span><\/p>\n<p><span class=\"text1noticias\">El derecho fue operado para reparar un tend\u00f3n roto en el antebrazo derecho,<\/span><\/p>\n<p><span class=\"text1noticias\"> <\/span><\/p>\n<p><span class=\"text1noticias\"> anunci\u00f3 el equipo el martes. La operaci\u00f3n, que requerir\u00e1 entre cuatro y seis meses de recuperaci\u00f3n, fue realizada por el doctor James Andrews.<\/span><\/p>\n<\/p>\n<p><span class=\"text1noticias\">Filadelfia coloc\u00f3 a Buchholz en la lista de incapacitados de 10 d\u00edas, retroactivo al s\u00e1bado, y subi\u00f3 desde Triple-A Lehigh Valley al tambi\u00e9n derecho Zach Eflin para ocupar su puesto.<\/span><\/p>\n<p><span class=\"text1noticias\"> <\/span><\/p>\n<p><span class=\"text1noticias\">Buchholz fue retirado de su apertura del 11 de abril ante los Mets, despu\u00e9s de que trat\u00f3 de lanzar con dolor en el brazo.<\/span><\/p>\n<\/p>\n<p><span class=\"text1noticias\">El veterano de 32 a\u00f1os, quien se perdi\u00f3 dos meses y medio de la temporada 2015 con una lesi\u00f3n similar, hizo apenas dos aperturas con los Filis. Dej\u00f3 r\u00e9cord de 0-1 y permiti\u00f3 10 carreras limpias en 7.1 innings.<\/span><\/p>\n<p><span class=\"text1noticias\"> <\/span><\/p>\n<p><span class=\"text1noticias\">Eflin, quien tuvo marca de 3-5 con 5.54 de efectividad en 11 aperturas con los Filis en el 2016, ten\u00eda pautado abrir la noche del martes contra los M<\/span>ets.<\/p>\n<h6> 2017-04-18 16:29:21 <\/h6>\n<p><!--\n<link rel=\"stylesheet\" href=\"css\/bootstrap.min.css\">\n\n\n<ul class=\"pagination\">\n\t    \n\t\n\n<li >\n\t<a href='?page_no=9060'>Previous<\/a>\n\t<\/li>\n\n\n       \n    \n\n<li><a href='?page_no=1'>1<\/a><\/li>\n\n\n\n<li><a href='?page_no=2'>2<\/a><\/li>\n\n\n\n<li><a>...<\/a><\/li>\n\n\n\n<li><a href='?page_no=9059'>9059<\/a><\/li>\n\n\n\n<li><a href='?page_no=9060'>9060<\/a><\/li>\n\n\n\n<li class='active'><a>9061<\/a><\/li>\n\n\n\n<li><a href='?page_no=9062'>9062<\/a><\/li>\n\n\n\n<li><a href='?page_no=9063'>9063<\/a><\/li>\n\n\n\n<li><a>...<\/a><\/li>\n\n\n\n<li><a href='?page_no=36618'>36618<\/a><\/li>\n\n\n\n<li><a href='?page_no=36619'>36619<\/a><\/li>\n\n    \n\t\n\n<li >\n\t<a href='?page_no=9062'>Next<\/a>\n\t<\/li>\n\n\n    \n\n<li><a href='?page_no=36619'>Last &rsaquo;&rsaquo;<\/a><\/li>\n\n<\/ul>\n\n\n--><br \/>\n<\/body><\/p>\n","protected":false},"excerpt":{"rendered":"<p>Por Oliver Macklin La primera temporada de Clay Buchholz con los Filis podr\u00eda haber terminado ya. El derecho fue operado para reparar un tend\u00f3n roto en el antebrazo derecho, anunci\u00f3 el equipo el martes. La operaci\u00f3n, que requerir\u00e1 entre cuatro y seis meses de recuperaci\u00f3n, fue realizada por el doctor James Andrews. Filadelfia coloc\u00f3 a [&hellip;]<\/p>\n","protected":false},"author":3,"featured_media":0,"comment_status":"open","ping_status":"open","sticky":false,"template":"","format":"standard","meta":{"footnotes":""},"categories":[17],"tags":[],"class_list":["post-209794","post","type-post","status-publish","format-standard","hentry","category-deportes"],"_links":{"self":[{"href":"https:\/\/diariodominicano.com\/index.php?rest_route=\/wp\/v2\/posts\/209794","targetHints":{"allow":["GET"]}}],"collection":[{"href":"https:\/\/diariodominicano.com\/index.php?rest_route=\/wp\/v2\/posts"}],"about":[{"href":"https:\/\/diariodominicano.com\/index.php?rest_route=\/wp\/v2\/types\/post"}],"author":[{"embeddable":true,"href":"https:\/\/diariodominicano.com\/index.php?rest_route=\/wp\/v2\/users\/3"}],"replies":[{"embeddable":true,"href":"https:\/\/diariodominicano.com\/index.php?rest_route=%2Fwp%2Fv2%2Fcomments&post=209794"}],"version-history":[{"count":0,"href":"https:\/\/diariodominicano.com\/index.php?rest_route=\/wp\/v2\/posts\/209794\/revisions"}],"wp:attachment":[{"href":"https:\/\/diariodominicano.com\/index.php?rest_route=%2Fwp%2Fv2%2Fmedia&parent=209794"}],"wp:term":[{"taxonomy":"category","embeddable":true,"href":"https:\/\/diariodominicano.com\/index.php?rest_route=%2Fwp%2Fv2%2Fcategories&post=209794"},{"taxonomy":"post_tag","embeddable":true,"href":"https:\/\/diariodominicano.com\/index.php?rest_route=%2Fwp%2Fv2%2Ftags&post=209794"}],"curies":[{"name":"wp","href":"https:\/\/api.w.org\/{rel}","templated":true}]}}