{"id":209791,"date":"2017-04-18T16:37:26","date_gmt":"2017-04-18T16:37:26","guid":{"rendered":"http:\/\/diariodominicano.ddns.net\/?p=209791"},"modified":"2017-04-18T16:37:26","modified_gmt":"2017-04-18T16:37:26","slug":"jose-quintana-asegura-no-prestarles-atencion-a-los-rumores-de-cambio","status":"publish","type":"post","link":"https:\/\/diariodominicano.com\/?p=209791","title":{"rendered":"Jos\u00e9 Quintana asegura no prestarles atenci\u00f3n a los rumores de cambio"},"content":{"rendered":"<p><body><\/p>\n<p><span class=\"text1noticias\">Por Scott Merkin \/ MLB.com<\/span><\/p>\n<p><span class=\"text1noticias\"> <\/span><\/p>\n<p><span class=\"text1noticias\">NUEVA YORK, 18 de abril, 2017&#8211; Despu\u00e9s de haber tocar el tema durante los entrenamientos primaverales, el colombiano Jos\u00e9 Quintana no ten\u00eda intenciones de hablar m\u00e1s sobre los rumores de cambio en los cuales se ha visto envuelto su nombre.<\/span><\/p>\n<p><span class=\"text1noticias\"> <\/span><\/p>\n<p><span class=\"text1noticias\">Pero al siempre amable as de los White Sox no le qued\u00f3 m\u00e1s remedio que hacer una excepci\u00f3n cuando varios periodistas de Nueva York se acercaron el lunes a preguntarle por la posibilidad de regresar a los Yankees. Quintana no fue a\u00f1adido al roster de 40 de los Yankees despu\u00e9s de la temporada del 2011, lo que le permiti\u00f3 firmar con Chicago y luego brillar en su rotaci\u00f3n.<\/span><\/p>\n<p><span class=\"text1noticias\"> <\/span><\/p>\n<p><span class=\"text1noticias\">Nueva York cuenta con los prospectos necesarios para lograr un cambio por Quintana con los Medias Blancas.<\/span><\/p>\n<p><span class=\"text1noticias\"> <\/span><\/p>\n<p><span class=\"text1noticias\">\u00abHe escuchado un mont\u00f3n de rumores, pero los rumores son rumores, y yo no le presto atenci\u00f3n a eso\u00bb, dijo Quintana, quien ya ha expresado su deseo de permanecer en Chicago. \u00abHe escuchado una cantidad de cosas, pero si eres pelotero, no tienes control sobre eso. Yo estoy enfocado en hacer mi trabajo en el mont\u00edculo. No me gusta hablar de eso. Siempre tengo la misma respuesta. No tengo control. Me preocupa ayudar a mi equipo y a mis compa\u00f1eros. Pero as\u00ed es el b\u00e9isbol. As\u00ed son las cosas\u00bb.<\/span><\/p>\n<p><span class=\"text1noticias\"> <\/span><\/p>\n<p><span class=\"text1noticias\">En medio de un gran comienzo del cuerpo de lanzadores de los Medias Blancas, Quintana tiene marca de 0-3 con 6.75 de efectividad. Ha dado nueve boletos y ha permitido cuatro jonrones en 17.1 innings, pero no cree que los rumores de cambio tengan nada que ver con sus problemas.<\/span><\/p>\n<p><span class=\"text1noticias\"> <\/span><\/p>\n<p><span class=\"text1noticias\">\u00abAhora estoy enfocado en hacer un mejor trabajo para ayudar a mi equipo\u00bb, dijo Quintana. \u00abYo s\u00e9 que tengo una gran responsabilidad, pero trato de no ponerme eso sobre los hombros. No quiero ponerme m\u00e1s presi\u00f3n.<\/span><\/p>\n<p><span class=\"text1noticias\"> <\/span><\/p>\n<p><span class=\"text1noticias\">\u00abEsas son cosas que pasan y he aprendido de mis dos \u00faltimas aperturas\u00bb, sigui\u00f3 Quintana. \u00abVi un par de videos, y en realidad fue cosa de un par de lanzamientos mal localizados. Eso va a pasar, as\u00ed que s\u00f3lo trato de mejorar\u00bb.<\/span><\/p>\n<p><span class=\"text1noticias\"> <\/span><\/p>\n<h6> 2017-04-18 16:37:26 <\/h6>\n<p><!--\n<link rel=\"stylesheet\" href=\"css\/bootstrap.min.css\">\n\n\n<ul class=\"pagination\">\n\t    \n\t\n\n<li >\n\t<a href='?page_no=9058'>Previous<\/a>\n\t<\/li>\n\n\n       \n    \n\n<li><a href='?page_no=1'>1<\/a><\/li>\n\n\n\n<li><a href='?page_no=2'>2<\/a><\/li>\n\n\n\n<li><a>...<\/a><\/li>\n\n\n\n<li><a href='?page_no=9057'>9057<\/a><\/li>\n\n\n\n<li><a href='?page_no=9058'>9058<\/a><\/li>\n\n\n\n<li class='active'><a>9059<\/a><\/li>\n\n\n\n<li><a href='?page_no=9060'>9060<\/a><\/li>\n\n\n\n<li><a href='?page_no=9061'>9061<\/a><\/li>\n\n\n\n<li><a>...<\/a><\/li>\n\n\n\n<li><a href='?page_no=36618'>36618<\/a><\/li>\n\n\n\n<li><a href='?page_no=36619'>36619<\/a><\/li>\n\n    \n\t\n\n<li >\n\t<a href='?page_no=9060'>Next<\/a>\n\t<\/li>\n\n\n    \n\n<li><a href='?page_no=36619'>Last &rsaquo;&rsaquo;<\/a><\/li>\n\n<\/ul>\n\n\n--><br \/>\n<\/body><\/p>\n","protected":false},"excerpt":{"rendered":"<p>Por Scott Merkin \/ MLB.com NUEVA YORK, 18 de abril, 2017&#8211; Despu\u00e9s de haber tocar el tema durante los entrenamientos primaverales, el colombiano Jos\u00e9 Quintana no ten\u00eda intenciones de hablar m\u00e1s sobre los rumores de cambio en los cuales se ha visto envuelto su nombre. Pero al siempre amable as de los White Sox no [&hellip;]<\/p>\n","protected":false},"author":3,"featured_media":0,"comment_status":"open","ping_status":"open","sticky":false,"template":"","format":"standard","meta":{"footnotes":""},"categories":[17],"tags":[],"class_list":["post-209791","post","type-post","status-publish","format-standard","hentry","category-deportes"],"_links":{"self":[{"href":"https:\/\/diariodominicano.com\/index.php?rest_route=\/wp\/v2\/posts\/209791","targetHints":{"allow":["GET"]}}],"collection":[{"href":"https:\/\/diariodominicano.com\/index.php?rest_route=\/wp\/v2\/posts"}],"about":[{"href":"https:\/\/diariodominicano.com\/index.php?rest_route=\/wp\/v2\/types\/post"}],"author":[{"embeddable":true,"href":"https:\/\/diariodominicano.com\/index.php?rest_route=\/wp\/v2\/users\/3"}],"replies":[{"embeddable":true,"href":"https:\/\/diariodominicano.com\/index.php?rest_route=%2Fwp%2Fv2%2Fcomments&post=209791"}],"version-history":[{"count":0,"href":"https:\/\/diariodominicano.com\/index.php?rest_route=\/wp\/v2\/posts\/209791\/revisions"}],"wp:attachment":[{"href":"https:\/\/diariodominicano.com\/index.php?rest_route=%2Fwp%2Fv2%2Fmedia&parent=209791"}],"wp:term":[{"taxonomy":"category","embeddable":true,"href":"https:\/\/diariodominicano.com\/index.php?rest_route=%2Fwp%2Fv2%2Fcategories&post=209791"},{"taxonomy":"post_tag","embeddable":true,"href":"https:\/\/diariodominicano.com\/index.php?rest_route=%2Fwp%2Fv2%2Ftags&post=209791"}],"curies":[{"name":"wp","href":"https:\/\/api.w.org\/{rel}","templated":true}]}}