{"id":209790,"date":"2017-04-18T17:48:52","date_gmt":"2017-04-18T17:48:52","guid":{"rendered":"http:\/\/diariodominicano.ddns.net\/?p=209790"},"modified":"2017-04-18T17:48:52","modified_gmt":"2017-04-18T17:48:52","slug":"navarro-coordina-acciones-por-la-educacion-con-peloteros-de-grandes-ligas","status":"publish","type":"post","link":"https:\/\/diariodominicano.com\/?p=209790","title":{"rendered":"Navarro coordina acciones por la educaci\u00f3n con Peloteros de Grandes Ligas"},"content":{"rendered":"<p><body><\/p>\n<p><img decoding=\"async\" src=\"img3\/Navarro17.jpg\" \/>  <\/p>\n<p><strong><span class=\"text1noticias\">Santo Domingo, R. D., 18  abril, 2017.-<\/span><\/strong><span class=\"text1noticias\"> El ministro de Educaci\u00f3n, Andr\u00e9s Navarro, se reuni\u00f3 hoy con representantes en el pa\u00eds de la Asociaci\u00f3n de Jugadores de las Grandes Ligas, con quienes acord\u00f3 poner en marcha una comisi\u00f3n mixta de trabajo conjunto con el objetivo de promover la necesidad de la formaci\u00f3n acad\u00e9mica en los atletas de esa disciplina deportiva.<\/span><\/p>\n<p><span class=\"text1noticias\"> <\/span><\/p>\n<p><span class=\"text1noticias\">Durante el encuentro realizado en uno de los salones del Minerd, Navarro recibi\u00f3 explicaciones del proyecto de desarrollo deportivo-educativo por parte de Omar Minaya, vicepresidente ejecutivo del gremio, y del ex lanzador Miguel Batista, acompa\u00f1ados de los asesores Vicky Carballo y Lou Men\u00e9ndez, entre otros.<\/span><\/p>\n<p><span class=\"text1noticias\"> <\/span><\/p>\n<p><span class=\"text1noticias\">Minaya dijo que muchos jugadores estelares en las Mayores han mostrado inter\u00e9s en colaborar con el proyecto, e incluso algunos exjugadores que residen fuera del pa\u00eds que est\u00e1n dispuestos a recibir entrenamiento pedag\u00f3gico para servir como instructores en la educaci\u00f3n f\u00edsica escolar.<\/span><\/p>\n<p><span class=\"text1noticias\"> <\/span><\/p>\n<p><span class=\"text1noticias\">El ex gerente general de los Mets de Nueva York mostr\u00f3 a Navarro un v\u00eddeo promocional del proyecto de fomento de la educaci\u00f3n en los jugadores de b\u00e9isbol desde las escuelas, \u00aben inter\u00e9s de llevar a la conciencia de esos muchachos que aspiran llegar al profesionalismo, que no deben abandonar las aulas, de suerte que est\u00e9n acad\u00e9micamente preparados en caso de no alcanzar el sue\u00f1o de militar en las Mayores\u00bb.<\/span><\/p>\n<p><span class=\"text1noticias\"> <\/span><\/p>\n<p><span class=\"text1noticias\">En tanto que Batista mostr\u00f3 su esperanza de que el Minerd dar\u00e1 todo su apoyo al proyecto de \u00abtan hist\u00f3ricamente necesario, dado que observamos con preocupaci\u00f3n la gran cantidad de j\u00f3venes con menos de 30 a\u00f1os que son descartados en las Mayores y se quedan all\u00ed sin posibilidad de desarrollar alguna otra actividad por su escaso nivel acad\u00e9mico\u00bb.<\/span><\/p>\n<p><span class=\"text1noticias\"> <\/span><\/p>\n<p><span class=\"text1noticias\">Batista record\u00f3 que s\u00f3lo un 4 por ciento de los jugadores firmados como profesionales llegan a militar en Grandes Ligas, y que m\u00e1s de 20 mil se han quedado en el camino desde 1951 cuando Osvaldo Virgil se convirti\u00f3 en el primero en pisar un estadio de ese nivel, \u00abde ah\u00ed la importancia de que nuestros muchachos no abandones sus estudios, que tengan su preparaci\u00f3n como plan A y el b\u00e9isbol como plan B\u00bb.<\/span><\/p>\n<p><span class=\"text1noticias\"> <\/span><\/p>\n<p><span class=\"text1noticias\">Dijo que jugadores como Nelson Cruz, de los Marineros de Seattle, y Stanley Castro, d en los Yanquis de Nueva York, son s\u00f3lo algunos de los tantos estelares de las Mayores que est\u00e1n decididos a poner su granito de arena para impulsar el proyecto deportes-escuela en la Rep\u00fablica Dominicana, al igual que varios equipos de la gran carpa.<\/span><\/p>\n<p><span class=\"text1noticias\"> <\/span><\/p>\n<p><span class=\"text1noticias\">En esa direcci\u00f3n, el ministro Navarro dijo que el Minerd est\u00e1 abierto a participar en el proyecto, con aporte de los recursos y la log\u00edstica necesarios, \u00aby en ese sentido los invit\u00f3 a que de inmediato trabajemos en una comisi\u00f3n conjunta para definir una agenda de trabajo conjunta\u00bb.<\/span><\/p>\n<p><span class=\"text1noticias\"> <\/span><\/p>\n<p><span class=\"text1noticias\">Sugiri\u00f3 la realizaci\u00f3n de un periplo de exjugadores de Grandes Ligas por las escuelas a nivel nacional, para llevar charlas que permitan concientizar a los estudiantes sobre la importancia de no abandonar los estudios mientras practican el b\u00e9isbol o cualquier otra disciplina.<\/span><\/p>\n<p><span class=\"text1noticias\"> <\/span><\/p>\n<p><span class=\"text1noticias\">El ministro Navarro estuvo acompa\u00f1ado de los viceministros Denia Burgos, de Asuntos Pedag\u00f3gicos, y V\u00edctor S\u00e1nchez, de Planificaci\u00f3n, as\u00ed como Miguel Fersobe, director de Participaci\u00f3n Comunitaria del Minerd.<\/span><\/p>\n<p><span class=\"text1noticias\"> <\/span><\/p>\n<p><span class=\"text1noticias\">Fuente: Direcci\u00f3n de Comunicaciones <\/span><\/p>\n<p><span class=\"text1noticias\">18 de abri<\/span>l de 2017.-<\/p>\n<h6> 2017-04-18 17:48:52 <\/h6>\n<p><!--\n<link rel=\"stylesheet\" href=\"css\/bootstrap.min.css\">\n\n\n<ul class=\"pagination\">\n\t    \n\t\n\n<li >\n\t<a href='?page_no=9057'>Previous<\/a>\n\t<\/li>\n\n\n       \n    \n\n<li><a href='?page_no=1'>1<\/a><\/li>\n\n\n\n<li><a href='?page_no=2'>2<\/a><\/li>\n\n\n\n<li><a>...<\/a><\/li>\n\n\n\n<li><a href='?page_no=9056'>9056<\/a><\/li>\n\n\n\n<li><a href='?page_no=9057'>9057<\/a><\/li>\n\n\n\n<li class='active'><a>9058<\/a><\/li>\n\n\n\n<li><a href='?page_no=9059'>9059<\/a><\/li>\n\n\n\n<li><a href='?page_no=9060'>9060<\/a><\/li>\n\n\n\n<li><a>...<\/a><\/li>\n\n\n\n<li><a href='?page_no=36618'>36618<\/a><\/li>\n\n\n\n<li><a href='?page_no=36619'>36619<\/a><\/li>\n\n    \n\t\n\n<li >\n\t<a href='?page_no=9059'>Next<\/a>\n\t<\/li>\n\n\n    \n\n<li><a href='?page_no=36619'>Last &rsaquo;&rsaquo;<\/a><\/li>\n\n<\/ul>\n\n\n--><br \/>\n<\/body><\/p>\n","protected":false},"excerpt":{"rendered":"<p>Santo Domingo, R. D., 18 abril, 2017.- El ministro de Educaci\u00f3n, Andr\u00e9s Navarro, se reuni\u00f3 hoy con representantes en el pa\u00eds de la Asociaci\u00f3n de Jugadores de las Grandes Ligas, con quienes acord\u00f3 poner en marcha una comisi\u00f3n mixta de trabajo conjunto con el objetivo de promover la necesidad de la formaci\u00f3n acad\u00e9mica en los [&hellip;]<\/p>\n","protected":false},"author":3,"featured_media":0,"comment_status":"open","ping_status":"open","sticky":false,"template":"","format":"standard","meta":{"footnotes":""},"categories":[17],"tags":[],"class_list":["post-209790","post","type-post","status-publish","format-standard","hentry","category-deportes"],"_links":{"self":[{"href":"https:\/\/diariodominicano.com\/index.php?rest_route=\/wp\/v2\/posts\/209790","targetHints":{"allow":["GET"]}}],"collection":[{"href":"https:\/\/diariodominicano.com\/index.php?rest_route=\/wp\/v2\/posts"}],"about":[{"href":"https:\/\/diariodominicano.com\/index.php?rest_route=\/wp\/v2\/types\/post"}],"author":[{"embeddable":true,"href":"https:\/\/diariodominicano.com\/index.php?rest_route=\/wp\/v2\/users\/3"}],"replies":[{"embeddable":true,"href":"https:\/\/diariodominicano.com\/index.php?rest_route=%2Fwp%2Fv2%2Fcomments&post=209790"}],"version-history":[{"count":0,"href":"https:\/\/diariodominicano.com\/index.php?rest_route=\/wp\/v2\/posts\/209790\/revisions"}],"wp:attachment":[{"href":"https:\/\/diariodominicano.com\/index.php?rest_route=%2Fwp%2Fv2%2Fmedia&parent=209790"}],"wp:term":[{"taxonomy":"category","embeddable":true,"href":"https:\/\/diariodominicano.com\/index.php?rest_route=%2Fwp%2Fv2%2Fcategories&post=209790"},{"taxonomy":"post_tag","embeddable":true,"href":"https:\/\/diariodominicano.com\/index.php?rest_route=%2Fwp%2Fv2%2Ftags&post=209790"}],"curies":[{"name":"wp","href":"https:\/\/api.w.org\/{rel}","templated":true}]}}