{"id":209785,"date":"2017-04-19T14:40:52","date_gmt":"2017-04-19T14:40:52","guid":{"rendered":"http:\/\/diariodominicano.ddns.net\/?p=209785"},"modified":"2017-04-19T14:40:52","modified_gmt":"2017-04-19T14:40:52","slug":"sonny-gray-comenzaria-una-asignacion-de-rehabilitacion-el-sabado","status":"publish","type":"post","link":"https:\/\/diariodominicano.com\/?p=209785","title":{"rendered":"Sonny Gray comenzar\u00eda una asignaci\u00f3n de rehabilitaci\u00f3n el s\u00e1bado"},"content":{"rendered":"<p><body><\/p>\n<p><img decoding=\"async\" src=\"img3\/Gray.jpg\" \/>  <\/p>\n<p><span class=\"text1noticias\">Por Jane Lee \/ MLB.com <\/span><\/p>\n<p><span class=\"text1noticias\"> <\/span><\/p>\n<p><span class=\"text1noticias\">OAKLAND, 19 de abril, 2017- Sonny Gray ha recibido el visto bueno para comenzar una asignaci\u00f3n de rehabilitaci\u00f3n en ligas menores este fin de semana. Eso significa que el diestro de los Atl\u00e9ticos podr\u00eda volver a la acci\u00f3n con el equipo grande en dos semanas.<\/span><\/p>\n<p><span class=\"text1noticias\"> <\/span><\/p>\n<p><span class=\"text1noticias\">Gray, quien trabaj\u00f3 2.2 innings en los entrenamientos extendidos el lunes como parte de su recuperaci\u00f3n de un tir\u00f3n en un m\u00fasculo lateral, est\u00e1 programado para tirar cuatro o cinco innings &#8211; un m\u00e1ximo de 65 pitcheos &#8211; por Clase A Avanzada Stockton el s\u00e1bado.<\/span><\/p>\n<\/p>\n<p><span class=\"text1noticias\">\u00abSer\u00e1 una apertura importante para \u00e9l\u00bb, dijo el capataz de Oakland, Bob Melvin, acerca de Gray. \u00abLo encaminar\u00e1. Una situaci\u00f3n de juego de verdad. Una vez que llegue a 60 o 65 lanzamientos, significa que estaremos bien cerca, esperamos, a tenerlo de regreso aqu\u00ed\u00bb.<\/span><\/p>\n<\/p>\n<p><span class=\"text1noticias\">Los Atl\u00e9ticos quieren que, antes de ser activado, Gray vaya aumentando su carga hasta llegar a 90 pitcheos. Por lo tanto, es posible que el derecho necesite solamente dos salidas de liga menor antes de integrarse al equipo grande.<\/span><\/p>\n<\/p>\n<p><span class=\"text1noticias\">Gray hizo apenas 22 aperturas a nivel de Grandes Ligas el a\u00f1o pasado, temporada en la que se vio entorpecido por dos lesiones distintas. Finaliz\u00f3 con promedio de carreras limpias de 5.69, la peor marca de su carrer<\/span>a.<\/p>\n<h6> 2017-04-19 14:40:52 <\/h6>\n<p><!--\n<link rel=\"stylesheet\" href=\"css\/bootstrap.min.css\">\n\n\n<ul class=\"pagination\">\n\t    \n\t\n\n<li >\n\t<a href='?page_no=9052'>Previous<\/a>\n\t<\/li>\n\n\n       \n    \n\n<li><a href='?page_no=1'>1<\/a><\/li>\n\n\n\n<li><a href='?page_no=2'>2<\/a><\/li>\n\n\n\n<li><a>...<\/a><\/li>\n\n\n\n<li><a href='?page_no=9051'>9051<\/a><\/li>\n\n\n\n<li><a href='?page_no=9052'>9052<\/a><\/li>\n\n\n\n<li class='active'><a>9053<\/a><\/li>\n\n\n\n<li><a href='?page_no=9054'>9054<\/a><\/li>\n\n\n\n<li><a href='?page_no=9055'>9055<\/a><\/li>\n\n\n\n<li><a>...<\/a><\/li>\n\n\n\n<li><a href='?page_no=36618'>36618<\/a><\/li>\n\n\n\n<li><a href='?page_no=36619'>36619<\/a><\/li>\n\n    \n\t\n\n<li >\n\t<a href='?page_no=9054'>Next<\/a>\n\t<\/li>\n\n\n    \n\n<li><a href='?page_no=36619'>Last &rsaquo;&rsaquo;<\/a><\/li>\n\n<\/ul>\n\n\n--><br \/>\n<\/body><\/p>\n","protected":false},"excerpt":{"rendered":"<p>Por Jane Lee \/ MLB.com OAKLAND, 19 de abril, 2017- Sonny Gray ha recibido el visto bueno para comenzar una asignaci\u00f3n de rehabilitaci\u00f3n en ligas menores este fin de semana. Eso significa que el diestro de los Atl\u00e9ticos podr\u00eda volver a la acci\u00f3n con el equipo grande en dos semanas. Gray, quien trabaj\u00f3 2.2 innings [&hellip;]<\/p>\n","protected":false},"author":3,"featured_media":0,"comment_status":"open","ping_status":"open","sticky":false,"template":"","format":"standard","meta":{"footnotes":""},"categories":[17],"tags":[],"class_list":["post-209785","post","type-post","status-publish","format-standard","hentry","category-deportes"],"_links":{"self":[{"href":"https:\/\/diariodominicano.com\/index.php?rest_route=\/wp\/v2\/posts\/209785","targetHints":{"allow":["GET"]}}],"collection":[{"href":"https:\/\/diariodominicano.com\/index.php?rest_route=\/wp\/v2\/posts"}],"about":[{"href":"https:\/\/diariodominicano.com\/index.php?rest_route=\/wp\/v2\/types\/post"}],"author":[{"embeddable":true,"href":"https:\/\/diariodominicano.com\/index.php?rest_route=\/wp\/v2\/users\/3"}],"replies":[{"embeddable":true,"href":"https:\/\/diariodominicano.com\/index.php?rest_route=%2Fwp%2Fv2%2Fcomments&post=209785"}],"version-history":[{"count":0,"href":"https:\/\/diariodominicano.com\/index.php?rest_route=\/wp\/v2\/posts\/209785\/revisions"}],"wp:attachment":[{"href":"https:\/\/diariodominicano.com\/index.php?rest_route=%2Fwp%2Fv2%2Fmedia&parent=209785"}],"wp:term":[{"taxonomy":"category","embeddable":true,"href":"https:\/\/diariodominicano.com\/index.php?rest_route=%2Fwp%2Fv2%2Fcategories&post=209785"},{"taxonomy":"post_tag","embeddable":true,"href":"https:\/\/diariodominicano.com\/index.php?rest_route=%2Fwp%2Fv2%2Ftags&post=209785"}],"curies":[{"name":"wp","href":"https:\/\/api.w.org\/{rel}","templated":true}]}}