{"id":209784,"date":"2017-04-19T14:46:48","date_gmt":"2017-04-19T14:46:48","guid":{"rendered":"http:\/\/diariodominicano.ddns.net\/?p=209784"},"modified":"2017-04-19T14:46:48","modified_gmt":"2017-04-19T14:46:48","slug":"howie-kendrick-ingresa-a-la-lista-de-lesionados-de-los-filis","status":"publish","type":"post","link":"https:\/\/diariodominicano.com\/?p=209784","title":{"rendered":"Howie Kendrick ingresa a la lista de lesionados de los Filis"},"content":{"rendered":"<p><body><\/p>\n<p><img decoding=\"async\" src=\"img3\/Kendrick19.jpg\" \/>  <\/p>\n<p><span class=\"text1noticias\">Por Todd Zolecki \/ MLB.com<\/span><\/p>\n<p><span class=\"text1noticias\"> <\/span><\/p>\n<p><span class=\"text1noticias\">NUEVA YORK &#8211; Los Filis colocaron al jardinero Howie Kendrick en la lista de incapacitados de 10 d\u00edas el martes debido a un tir\u00f3n en un el lado derecho del abdomen.<\/span><\/p>\n<p><span class=\"text1noticias\"> <\/span><\/p>\n<p><span class=\"text1noticias\">Para ocupar el puesto de Kendrick en el roster del equipo grande, la novena de Filadelfia convoc\u00f3 desde Triple-A Lehigh Valley al diestro Mark Leiter Jr.<\/span><\/p>\n<p><span class=\"text1noticias\"> <\/span><\/p>\n<p><span class=\"text1noticias\">Kendrick, de 33 a\u00f1os de edad, dijo que se lesion\u00f3 el s\u00e1bado al tirar una bola desde los jardines en el National Park de Washington. En 10 partidos esta temporada, el guardabosque batea .333 con cuatro dobles, un triple, cinco remolcadas y un OPS (porcentaje de embasarse m\u00e1s slugging) de .883.<\/span><\/p>\n<p><span class=\"text1noticias\"> <\/span><\/p>\n<p><span class=\"text1noticias\">Kendrick no ve acci\u00f3n en un partido desde el s\u00e1bado. Por lo tanto, estar\u00eda elegible para salir de la lista de lesionados a partir del 26 de ab<\/span>ril.<\/p>\n<h6> 2017-04-19 14:46:48 <\/h6>\n<p><!--\n<link rel=\"stylesheet\" href=\"css\/bootstrap.min.css\">\n\n\n<ul class=\"pagination\">\n\t    \n\t\n\n<li >\n\t<a href='?page_no=9051'>Previous<\/a>\n\t<\/li>\n\n\n       \n    \n\n<li><a href='?page_no=1'>1<\/a><\/li>\n\n\n\n<li><a href='?page_no=2'>2<\/a><\/li>\n\n\n\n<li><a>...<\/a><\/li>\n\n\n\n<li><a href='?page_no=9050'>9050<\/a><\/li>\n\n\n\n<li><a href='?page_no=9051'>9051<\/a><\/li>\n\n\n\n<li class='active'><a>9052<\/a><\/li>\n\n\n\n<li><a href='?page_no=9053'>9053<\/a><\/li>\n\n\n\n<li><a href='?page_no=9054'>9054<\/a><\/li>\n\n\n\n<li><a>...<\/a><\/li>\n\n\n\n<li><a href='?page_no=36618'>36618<\/a><\/li>\n\n\n\n<li><a href='?page_no=36619'>36619<\/a><\/li>\n\n    \n\t\n\n<li >\n\t<a href='?page_no=9053'>Next<\/a>\n\t<\/li>\n\n\n    \n\n<li><a href='?page_no=36619'>Last &rsaquo;&rsaquo;<\/a><\/li>\n\n<\/ul>\n\n\n--><br \/>\n<\/body><\/p>\n","protected":false},"excerpt":{"rendered":"<p>Por Todd Zolecki \/ MLB.com NUEVA YORK &#8211; Los Filis colocaron al jardinero Howie Kendrick en la lista de incapacitados de 10 d\u00edas el martes debido a un tir\u00f3n en un el lado derecho del abdomen. Para ocupar el puesto de Kendrick en el roster del equipo grande, la novena de Filadelfia convoc\u00f3 desde Triple-A [&hellip;]<\/p>\n","protected":false},"author":3,"featured_media":0,"comment_status":"open","ping_status":"open","sticky":false,"template":"","format":"standard","meta":{"footnotes":""},"categories":[17],"tags":[],"class_list":["post-209784","post","type-post","status-publish","format-standard","hentry","category-deportes"],"_links":{"self":[{"href":"https:\/\/diariodominicano.com\/index.php?rest_route=\/wp\/v2\/posts\/209784","targetHints":{"allow":["GET"]}}],"collection":[{"href":"https:\/\/diariodominicano.com\/index.php?rest_route=\/wp\/v2\/posts"}],"about":[{"href":"https:\/\/diariodominicano.com\/index.php?rest_route=\/wp\/v2\/types\/post"}],"author":[{"embeddable":true,"href":"https:\/\/diariodominicano.com\/index.php?rest_route=\/wp\/v2\/users\/3"}],"replies":[{"embeddable":true,"href":"https:\/\/diariodominicano.com\/index.php?rest_route=%2Fwp%2Fv2%2Fcomments&post=209784"}],"version-history":[{"count":0,"href":"https:\/\/diariodominicano.com\/index.php?rest_route=\/wp\/v2\/posts\/209784\/revisions"}],"wp:attachment":[{"href":"https:\/\/diariodominicano.com\/index.php?rest_route=%2Fwp%2Fv2%2Fmedia&parent=209784"}],"wp:term":[{"taxonomy":"category","embeddable":true,"href":"https:\/\/diariodominicano.com\/index.php?rest_route=%2Fwp%2Fv2%2Fcategories&post=209784"},{"taxonomy":"post_tag","embeddable":true,"href":"https:\/\/diariodominicano.com\/index.php?rest_route=%2Fwp%2Fv2%2Ftags&post=209784"}],"curies":[{"name":"wp","href":"https:\/\/api.w.org\/{rel}","templated":true}]}}