{"id":209783,"date":"2017-04-19T15:18:40","date_gmt":"2017-04-19T15:18:40","guid":{"rendered":"http:\/\/diariodominicano.ddns.net\/?p=209783"},"modified":"2017-04-19T15:18:40","modified_gmt":"2017-04-19T15:18:40","slug":"ciclista-britanico-geraint-thomas-pasa-a-comandar-tour-de-los-alpes","status":"publish","type":"post","link":"https:\/\/diariodominicano.com\/?p=209783","title":{"rendered":"Ciclista brit\u00e1nico Geraint Thomas pasa a comandar Tour de los Alpes"},"content":{"rendered":"<p><body><\/p>\n<p><img decoding=\"async\" src=\"img3\/geraint-thomas.jpg\" \/>  <\/p>\n<p><span class=\"text1noticias\">Funes, Italia, 19 abr (PL) El ciclista brit\u00e1nico Geraint Thomas, del equipo Sky, pas\u00f3 a comandar la clasificaci\u00f3n general del Tour de los Alpes, luego de adjudicarse hoy la tercera etapa de 143.1 kil\u00f3metros, entre las localidades de Villabassa y Funes.(PLRadio)<\/span><\/p>\n<p><span class=\"text1noticias\"> <\/span><\/p>\n<p><span class=\"text1noticias\">Thomas conquist\u00f3 la etapa reina del giro al rebasar en la meta al espa\u00f1ol y compa\u00f1ero de equipo Mikel Landa, campe\u00f3n defensor, con tiempo de 3:47.50 horas, y de paso desbancar de la cima de la tabla de posiciones al franc\u00e9s Thibaut Pinot (Francaise).<\/span><\/p>\n<p><span class=\"text1noticias\"> <\/span><\/p>\n<p><span class=\"text1noticias\">Para el corredor de 30 a\u00f1os, triple campe\u00f3n mundial en persecuci\u00f3n y doble ol\u00edmpico, esta result\u00f3 su segunda victoria de la temporada tras ganar una etapa de la Tirreno Adri\u00e1tico.<\/span><\/p>\n<p><span class=\"text1noticias\"> <\/span><\/p>\n<p><span class=\"text1noticias\">En la tercera posici\u00f3n arrib\u00f3 el anfitri\u00f3n Domenico Pozzovivo (AG2R) a tres segundos de diferencia de los punteros, resultado este que le vali\u00f3 para ocupar la segunda posici\u00f3n de la clasificaci\u00f3n general, a 16 segundos de Thomas (10:40.02 h).<\/span><\/p>\n<p><span class=\"text1noticias\"> <\/span><\/p>\n<p><span class=\"text1noticias\">Por Latinoam\u00e9rica, sobresalieron los colombianos Egan Arley Bernal y Rodolfo Torres, quienes arribaron a la l\u00ednea final en las posiciones 13 y 14, respectivamente.<\/span><\/p>\n<p><span class=\"text1noticias\"> <\/span><\/p>\n<p><span class=\"text1noticias\">Ma\u00f1ana el l\u00edder del equipo Sky buscar\u00e1 defender su liderato cuando se corra la cuarta etapa de 165.3 km, entre las regiones de Bolzano y Cles.<\/span><\/p>\n<p><span class=\"text1noticias\"> <\/span><\/p>\n<p><span class=\"text1noticias\">&#8212; <\/span><\/p>\n<p><span class=\"text1noticias\"> <\/span><\/p>\n<p><span class=\"text1noticias\">Clasificaci\u00f3n de la tercera etapa: <\/span><\/p>\n<p><span class=\"text1noticias\"> <\/span><\/p>\n<p><span class=\"text1noticias\">-1.Geraint Thomas (GBR\/SKY) 3:47.50 horas.<\/span><\/p>\n<p><span class=\"text1noticias\"> <\/span><\/p>\n<p><span class=\"text1noticias\">-2.Mikel Landa (ESP\/SKY) mismo tiempo.<\/span><\/p>\n<p><span class=\"text1noticias\"> <\/span><\/p>\n<p><span class=\"text1noticias\">-3.Domenico Pozzovivo (ITA\/AG2R) a 4 segundo.<\/span><\/p>\n<p><span class=\"text1noticias\"> <\/span><\/p>\n<p><span class=\"text1noticias\">-4.Pierre Rolland (ITA\/Cannondale-Drapac) a 13.<\/span><\/p>\n<p><span class=\"text1noticias\"> <\/span><\/p>\n<p><span class=\"text1noticias\">-5.Thibaut Pinot (FRA\/Francaise) m.t.<\/span><\/p>\n<p><span class=\"text1noticias\"> <\/span><\/p>\n<p><span class=\"text1noticias\">-13.Egan Arley Bernal (COL\/Androni) a 23.<\/span><\/p>\n<p><span class=\"text1noticias\"> <\/span><\/p>\n<p><span class=\"text1noticias\">-14.Rodolfo Torres (COL\/Androni) a 27.<\/span><\/p>\n<p><span class=\"text1noticias\"> <\/span><\/p>\n<p><span class=\"text1noticias\">&#8212; <\/span><\/p>\n<p><span class=\"text1noticias\"> <\/span><\/p>\n<p><span class=\"text1noticias\">Clasificaci\u00f3n general: <\/span><\/p>\n<p><span class=\"text1noticias\"> <\/span><\/p>\n<p><span class=\"text1noticias\">-1.Geraint Thomas (GBR\/SKY) 10:40.02 h.<\/span><\/p>\n<p><span class=\"text1noticias\"> <\/span><\/p>\n<p><span class=\"text1noticias\">-2.Domenico Pozzovivo (ITA\/AG2R) a 16 s.<\/span><\/p>\n<p><span class=\"text1noticias\"> <\/span><\/p>\n<p><span class=\"text1noticias\">-3.Thibaut Pinot (FRA\/Francaise) a 19.<\/span><\/p>\n<p><span class=\"text1noticias\"> <\/span><\/p>\n<p><span class=\"text1noticias\">-4.Michele Scarponi (ITA\/Astana) a 21.<\/span><\/p>\n<p><span class=\"text1noticias\"> <\/span><\/p>\n<p><span class=\"text1noticias\">-5.David Formolo (ITA\/Cannondale-Drapac) a 31.<\/span><\/p>\n<p><span class=\"text1noticias\"> <\/span><\/p>\n<p><span class=\"text1noticias\">-12.Egan Arley Bernal (COL\/Androni) a 56.<\/span><\/p>\n<p><span class=\"text1noticias\"> <\/span><\/p>\n<p><span class=\"text1noticias\">-14.Rodolfo Torres (COL\/<\/span>Androni) a 1:05 minuto.<\/p>\n<h6> 2017-04-19 15:18:40 <\/h6>\n<p><!--\n<link rel=\"stylesheet\" href=\"css\/bootstrap.min.css\">\n\n\n<ul class=\"pagination\">\n\t    \n\t\n\n<li >\n\t<a href='?page_no=9050'>Previous<\/a>\n\t<\/li>\n\n\n       \n    \n\n<li><a href='?page_no=1'>1<\/a><\/li>\n\n\n\n<li><a href='?page_no=2'>2<\/a><\/li>\n\n\n\n<li><a>...<\/a><\/li>\n\n\n\n<li><a href='?page_no=9049'>9049<\/a><\/li>\n\n\n\n<li><a href='?page_no=9050'>9050<\/a><\/li>\n\n\n\n<li class='active'><a>9051<\/a><\/li>\n\n\n\n<li><a href='?page_no=9052'>9052<\/a><\/li>\n\n\n\n<li><a href='?page_no=9053'>9053<\/a><\/li>\n\n\n\n<li><a>...<\/a><\/li>\n\n\n\n<li><a href='?page_no=36618'>36618<\/a><\/li>\n\n\n\n<li><a href='?page_no=36619'>36619<\/a><\/li>\n\n    \n\t\n\n<li >\n\t<a href='?page_no=9052'>Next<\/a>\n\t<\/li>\n\n\n    \n\n<li><a href='?page_no=36619'>Last &rsaquo;&rsaquo;<\/a><\/li>\n\n<\/ul>\n\n\n--><br \/>\n<\/body><\/p>\n","protected":false},"excerpt":{"rendered":"<p>Funes, Italia, 19 abr (PL) El ciclista brit\u00e1nico Geraint Thomas, del equipo Sky, pas\u00f3 a comandar la clasificaci\u00f3n general del Tour de los Alpes, luego de adjudicarse hoy la tercera etapa de 143.1 kil\u00f3metros, entre las localidades de Villabassa y Funes.(PLRadio) Thomas conquist\u00f3 la etapa reina del giro al rebasar en la meta al espa\u00f1ol [&hellip;]<\/p>\n","protected":false},"author":3,"featured_media":0,"comment_status":"open","ping_status":"open","sticky":false,"template":"","format":"standard","meta":{"footnotes":""},"categories":[17],"tags":[],"class_list":["post-209783","post","type-post","status-publish","format-standard","hentry","category-deportes"],"_links":{"self":[{"href":"https:\/\/diariodominicano.com\/index.php?rest_route=\/wp\/v2\/posts\/209783","targetHints":{"allow":["GET"]}}],"collection":[{"href":"https:\/\/diariodominicano.com\/index.php?rest_route=\/wp\/v2\/posts"}],"about":[{"href":"https:\/\/diariodominicano.com\/index.php?rest_route=\/wp\/v2\/types\/post"}],"author":[{"embeddable":true,"href":"https:\/\/diariodominicano.com\/index.php?rest_route=\/wp\/v2\/users\/3"}],"replies":[{"embeddable":true,"href":"https:\/\/diariodominicano.com\/index.php?rest_route=%2Fwp%2Fv2%2Fcomments&post=209783"}],"version-history":[{"count":0,"href":"https:\/\/diariodominicano.com\/index.php?rest_route=\/wp\/v2\/posts\/209783\/revisions"}],"wp:attachment":[{"href":"https:\/\/diariodominicano.com\/index.php?rest_route=%2Fwp%2Fv2%2Fmedia&parent=209783"}],"wp:term":[{"taxonomy":"category","embeddable":true,"href":"https:\/\/diariodominicano.com\/index.php?rest_route=%2Fwp%2Fv2%2Fcategories&post=209783"},{"taxonomy":"post_tag","embeddable":true,"href":"https:\/\/diariodominicano.com\/index.php?rest_route=%2Fwp%2Fv2%2Ftags&post=209783"}],"curies":[{"name":"wp","href":"https:\/\/api.w.org\/{rel}","templated":true}]}}