{"id":209775,"date":"2017-04-20T14:25:21","date_gmt":"2017-04-20T14:25:21","guid":{"rendered":"http:\/\/diariodominicano.ddns.net\/?p=209775"},"modified":"2017-04-20T14:25:21","modified_gmt":"2017-04-20T14:25:21","slug":"cuba-con-cambios-ante-colombia-en-serie-mundial-de-boxeo","status":"publish","type":"post","link":"https:\/\/diariodominicano.com\/?p=209775","title":{"rendered":"Cuba con cambios ante Colombia en Serie Mundial de boxeo"},"content":{"rendered":"<p><body><\/p>\n<p><img decoding=\"async\" src=\"img3\/cuba-domadores.jpg\" \/>  <\/p>\n<p><span class=\"text1noticias\">La Habana, 20 abr (PL) Domadores de Cuba enfrentar\u00e1n con tres cambios en su n\u00f3mina a Heroicos de Colombia, en el \u00faltimo encuentro de la fase de grupos de la VII Serie Mundial de boxeo, refiere hoy la p\u00e1gina digital del diario Granma.<\/span><\/p>\n<p><span class=\"text1noticias\"> <\/span><\/p>\n<p><span class=\"text1noticias\">Pactado para ma\u00f1ana en la capitalina Ciudad Deportiva, en el desaf\u00edo los anfitriones contar\u00e1n en el formato C-2 con Frank Zald\u00edvar en la divisi\u00f3n de 52 kilogramos, L\u00e1zaro \u00c1lvarez (60) -tres veces titular del orbe- y Osvary Morell (81).<\/span><\/p>\n<p><span class=\"text1noticias\"> <\/span><\/p>\n<p><span class=\"text1noticias\">Zald\u00edvar, subcampe\u00f3n nacional y con dos victorias en Series Mundiales, sustituir\u00e1 al titular de la categor\u00eda Yosvany Veit\u00eda para enfrentar a Ceiber \u00c1vila.<\/span><\/p>\n<p><span class=\"text1noticias\"> <\/span><\/p>\n<p><span class=\"text1noticias\">Asimismo, \u00c1lvarez, ausente de la escuadra tras cumplir una sanci\u00f3n por indisciplina, debutar\u00e1 esta temporada con los Domadores por Armando Mart\u00ednez, para enfrentar a Albeiro Paredes.<\/span><\/p>\n<p><span class=\"text1noticias\"> <\/span><\/p>\n<p><span class=\"text1noticias\">Por su parte, Morell, monarca del orbe en la categor\u00eda juvenil, competir\u00e1 en sustituci\u00f3n del monarca y triple campe\u00f3n mundial Julio C\u00e9sar La Cruz, quien tendr\u00e1 su debut en esta cita ante un gran rival como Juan Carlos Carrillo, medallista de bronce en los Juegos Panamericanos Toronto-2015.<\/span><\/p>\n<p><span class=\"text1noticias\"> <\/span><\/p>\n<p><span class=\"text1noticias\">Dirigidos por el jefe de entrenadores Rolando Acebal, el C-2 se completa con Roniel Iglesias (69 kilogramos) y el superpesado Jos\u00e9 \u00c1ngel Larduet (+91), quienes subir\u00e1n al cuadril\u00e1tero para enfrentar a Ricardo Legarda y Cristian Salcedo, respectivamente.<\/span><\/p>\n<p><span class=\"text1noticias\"> <\/span><\/p>\n<p><span class=\"text1noticias\">Los Domadores de Cuba, con 13 puntos, buscar\u00e1n en casa desbancar a los Heroicos de Colombia (15) de la cima del grupo A, adem\u00e1s de devolverles el rev\u00e9s sufrido en suelo suramericano, cuando cayeron po<\/span>r 2-3.<\/p>\n<h6> 2017-04-20 14:25:21 <\/h6>\n<p><!--\n<link rel=\"stylesheet\" href=\"css\/bootstrap.min.css\">\n\n\n<ul class=\"pagination\">\n\t    \n\t\n\n<li >\n\t<a href='?page_no=9043'>Previous<\/a>\n\t<\/li>\n\n\n       \n    \n\n<li><a href='?page_no=1'>1<\/a><\/li>\n\n\n\n<li><a href='?page_no=2'>2<\/a><\/li>\n\n\n\n<li><a>...<\/a><\/li>\n\n\n\n<li><a href='?page_no=9042'>9042<\/a><\/li>\n\n\n\n<li><a href='?page_no=9043'>9043<\/a><\/li>\n\n\n\n<li class='active'><a>9044<\/a><\/li>\n\n\n\n<li><a href='?page_no=9045'>9045<\/a><\/li>\n\n\n\n<li><a href='?page_no=9046'>9046<\/a><\/li>\n\n\n\n<li><a>...<\/a><\/li>\n\n\n\n<li><a href='?page_no=36618'>36618<\/a><\/li>\n\n\n\n<li><a href='?page_no=36619'>36619<\/a><\/li>\n\n    \n\t\n\n<li >\n\t<a href='?page_no=9045'>Next<\/a>\n\t<\/li>\n\n\n    \n\n<li><a href='?page_no=36619'>Last &rsaquo;&rsaquo;<\/a><\/li>\n\n<\/ul>\n\n\n--><br \/>\n<\/body><\/p>\n","protected":false},"excerpt":{"rendered":"<p>La Habana, 20 abr (PL) Domadores de Cuba enfrentar\u00e1n con tres cambios en su n\u00f3mina a Heroicos de Colombia, en el \u00faltimo encuentro de la fase de grupos de la VII Serie Mundial de boxeo, refiere hoy la p\u00e1gina digital del diario Granma. Pactado para ma\u00f1ana en la capitalina Ciudad Deportiva, en el desaf\u00edo los [&hellip;]<\/p>\n","protected":false},"author":3,"featured_media":0,"comment_status":"open","ping_status":"open","sticky":false,"template":"","format":"standard","meta":{"footnotes":""},"categories":[17],"tags":[],"class_list":["post-209775","post","type-post","status-publish","format-standard","hentry","category-deportes"],"_links":{"self":[{"href":"https:\/\/diariodominicano.com\/index.php?rest_route=\/wp\/v2\/posts\/209775","targetHints":{"allow":["GET"]}}],"collection":[{"href":"https:\/\/diariodominicano.com\/index.php?rest_route=\/wp\/v2\/posts"}],"about":[{"href":"https:\/\/diariodominicano.com\/index.php?rest_route=\/wp\/v2\/types\/post"}],"author":[{"embeddable":true,"href":"https:\/\/diariodominicano.com\/index.php?rest_route=\/wp\/v2\/users\/3"}],"replies":[{"embeddable":true,"href":"https:\/\/diariodominicano.com\/index.php?rest_route=%2Fwp%2Fv2%2Fcomments&post=209775"}],"version-history":[{"count":0,"href":"https:\/\/diariodominicano.com\/index.php?rest_route=\/wp\/v2\/posts\/209775\/revisions"}],"wp:attachment":[{"href":"https:\/\/diariodominicano.com\/index.php?rest_route=%2Fwp%2Fv2%2Fmedia&parent=209775"}],"wp:term":[{"taxonomy":"category","embeddable":true,"href":"https:\/\/diariodominicano.com\/index.php?rest_route=%2Fwp%2Fv2%2Fcategories&post=209775"},{"taxonomy":"post_tag","embeddable":true,"href":"https:\/\/diariodominicano.com\/index.php?rest_route=%2Fwp%2Fv2%2Ftags&post=209775"}],"curies":[{"name":"wp","href":"https:\/\/api.w.org\/{rel}","templated":true}]}}