{"id":209774,"date":"2017-04-20T14:49:26","date_gmt":"2017-04-20T14:49:26","guid":{"rendered":"http:\/\/diariodominicano.ddns.net\/?p=209774"},"modified":"2017-04-20T14:49:26","modified_gmt":"2017-04-20T14:49:26","slug":"francia-y-paraguay-jugaran-partido-amistoso-de-futbol","status":"publish","type":"post","link":"https:\/\/diariodominicano.com\/?p=209774","title":{"rendered":"Francia y Paraguay jugar\u00e1n partido amistoso de f\u00fatbol"},"content":{"rendered":"<p><body><\/p>\n<p><span class=\"text1noticias\">Par\u00eds, 20 abr (PL) Las selecciones de Francia y Paraguay jugar\u00e1n el 2 de junio pr\u00f3ximo un partido amistoso en la ciudad de Rennes, inform\u00f3 hoy la Federaci\u00f3n de este deporte en el pa\u00eds.<\/span><\/p>\n<p><span class=\"text1noticias\"> <\/span><\/p>\n<p><span class=\"text1noticias\">El partido tendr\u00e1 lugar en el Roahzon Park un d\u00eda antes de la final de la Liga de Campeones europea, por lo que el t\u00e9cnico franc\u00e9s, Didier Deschamps, pudiera prescindir de varios de sus jugadores habituales.<\/span><\/p>\n<p><span class=\"text1noticias\"> <\/span><\/p>\n<p><span class=\"text1noticias\">Igualmente, este encuentro se efectuar\u00e1 una semana antes del correspondiente a la fase clasificatoria a la Copa Mundial Rusia-2018 entre la escuadra gala y la de Suecia, con escenario en Estocolmo. Cuatro d\u00edas despu\u00e9s de medirse a Paraguay, los dirigidos por Deschamps recibir\u00e1n en otro duelo amistoso a su similar de Inglaterra, en el distrito parisino de Saint Denni<\/span>s.<\/p>\n<h6> 2017-04-20 14:49:26 <\/h6>\n<p><!--\n<link rel=\"stylesheet\" href=\"css\/bootstrap.min.css\">\n\n\n<ul class=\"pagination\">\n\t    \n\t\n\n<li >\n\t<a href='?page_no=9042'>Previous<\/a>\n\t<\/li>\n\n\n       \n    \n\n<li><a href='?page_no=1'>1<\/a><\/li>\n\n\n\n<li><a href='?page_no=2'>2<\/a><\/li>\n\n\n\n<li><a>...<\/a><\/li>\n\n\n\n<li><a href='?page_no=9041'>9041<\/a><\/li>\n\n\n\n<li><a href='?page_no=9042'>9042<\/a><\/li>\n\n\n\n<li class='active'><a>9043<\/a><\/li>\n\n\n\n<li><a href='?page_no=9044'>9044<\/a><\/li>\n\n\n\n<li><a href='?page_no=9045'>9045<\/a><\/li>\n\n\n\n<li><a>...<\/a><\/li>\n\n\n\n<li><a href='?page_no=36618'>36618<\/a><\/li>\n\n\n\n<li><a href='?page_no=36619'>36619<\/a><\/li>\n\n    \n\t\n\n<li >\n\t<a href='?page_no=9044'>Next<\/a>\n\t<\/li>\n\n\n    \n\n<li><a href='?page_no=36619'>Last &rsaquo;&rsaquo;<\/a><\/li>\n\n<\/ul>\n\n\n--><br \/>\n<\/body><\/p>\n","protected":false},"excerpt":{"rendered":"<p>Par\u00eds, 20 abr (PL) Las selecciones de Francia y Paraguay jugar\u00e1n el 2 de junio pr\u00f3ximo un partido amistoso en la ciudad de Rennes, inform\u00f3 hoy la Federaci\u00f3n de este deporte en el pa\u00eds. El partido tendr\u00e1 lugar en el Roahzon Park un d\u00eda antes de la final de la Liga de Campeones europea, por [&hellip;]<\/p>\n","protected":false},"author":3,"featured_media":0,"comment_status":"open","ping_status":"open","sticky":false,"template":"","format":"standard","meta":{"footnotes":""},"categories":[17],"tags":[],"class_list":["post-209774","post","type-post","status-publish","format-standard","hentry","category-deportes"],"_links":{"self":[{"href":"https:\/\/diariodominicano.com\/index.php?rest_route=\/wp\/v2\/posts\/209774","targetHints":{"allow":["GET"]}}],"collection":[{"href":"https:\/\/diariodominicano.com\/index.php?rest_route=\/wp\/v2\/posts"}],"about":[{"href":"https:\/\/diariodominicano.com\/index.php?rest_route=\/wp\/v2\/types\/post"}],"author":[{"embeddable":true,"href":"https:\/\/diariodominicano.com\/index.php?rest_route=\/wp\/v2\/users\/3"}],"replies":[{"embeddable":true,"href":"https:\/\/diariodominicano.com\/index.php?rest_route=%2Fwp%2Fv2%2Fcomments&post=209774"}],"version-history":[{"count":0,"href":"https:\/\/diariodominicano.com\/index.php?rest_route=\/wp\/v2\/posts\/209774\/revisions"}],"wp:attachment":[{"href":"https:\/\/diariodominicano.com\/index.php?rest_route=%2Fwp%2Fv2%2Fmedia&parent=209774"}],"wp:term":[{"taxonomy":"category","embeddable":true,"href":"https:\/\/diariodominicano.com\/index.php?rest_route=%2Fwp%2Fv2%2Fcategories&post=209774"},{"taxonomy":"post_tag","embeddable":true,"href":"https:\/\/diariodominicano.com\/index.php?rest_route=%2Fwp%2Fv2%2Ftags&post=209774"}],"curies":[{"name":"wp","href":"https:\/\/api.w.org\/{rel}","templated":true}]}}