{"id":209772,"date":"2017-04-20T15:06:12","date_gmt":"2017-04-20T15:06:12","guid":{"rendered":"http:\/\/diariodominicano.ddns.net\/?p=209772"},"modified":"2017-04-20T15:06:12","modified_gmt":"2017-04-20T15:06:12","slug":"ciclista-italiano-montaguti-domina-cuarta-etapa-de-tour-de-los-alpes","status":"publish","type":"post","link":"https:\/\/diariodominicano.com\/?p=209772","title":{"rendered":"Ciclista italiano Montaguti domina cuarta etapa de Tour de los Alpes"},"content":{"rendered":"<p><body><\/p>\n<p><span class=\"text1noticias\">Trento, Italia, 20 abr (PL) El ciclista italiano Matteo Montaguti, del equipo AG2R, se adjudic\u00f3 hoy la cuarta y pen\u00faltima etapa del Tour de los Alpes, cuyo trayecto const\u00f3 de 165.3 kil\u00f3metros entre las localidades de Bolzano y Cles.<\/span><\/p>\n<p><span class=\"text1noticias\"> <\/span><\/p>\n<p><span class=\"text1noticias\">Montaguti se adue\u00f1\u00f3 del segmento al vencer en el sprint final al franc\u00e9s Thibaut Pinot (Francaise) y al australiano Rohan Dennis (BMC), en ese orden, con crono de 4:56.38 horas.<\/span><\/p>\n<p><span class=\"text1noticias\"> <\/span><\/p>\n<p><span class=\"text1noticias\">De esta manera, el corredor de 33 a\u00f1os alcanz\u00f3 su primera victoria desde el 2010 cuando conquist\u00f3 el Giro de Reggio Calabria.<\/span><\/p>\n<p><span class=\"text1noticias\"> <\/span><\/p>\n<p><span class=\"text1noticias\">Pese a no arribar entre los primeros, el brit\u00e1nico Geraint Thomas (Sky) mantuvo el liderato del Tour de los Alpes con acumulado de 15:36.40 h, seguido de Pinot, a una diferencia de 13 segundos, y del anfitri\u00f3n Domenico Pozzovivo a 16 s.<\/span><\/p>\n<p><span class=\"text1noticias\"> <\/span><\/p>\n<p><span class=\"text1noticias\">Por su parte, el espa\u00f1ol Mikel Landa (Sky) redujo la desventaja a 26 segundos para ocupar la sexta posici\u00f3n en la clasificaci\u00f3n general, y seguir con opciones de defender el t\u00edtulo alcanzado de la edici\u00f3n precedente.<\/span><\/p>\n<p><span class=\"text1noticias\"> <\/span><\/p>\n<p><span class=\"text1noticias\">Thomas buscar\u00e1 ma\u00f1ana consolidar su corona, cuando se corra la quinta y \u00faltima etapa, de 199.6 km, entre las regiones Smarano y Trento.<\/span><\/p>\n<p><span class=\"text1noticias\"> <\/span><\/p>\n<p><span class=\"text1noticias\">&#8212; <\/span><\/p>\n<p><span class=\"text1noticias\"> <\/span><\/p>\n<p><span class=\"text1noticias\">Clasificaci\u00f3n de la etapa: <\/span><\/p>\n<p><span class=\"text1noticias\"> <\/span><\/p>\n<p><span class=\"text1noticias\">-1.Matteo Montaguti (ITA\/AG2R) 4:56.38 horas.<\/span><\/p>\n<p><span class=\"text1noticias\"> <\/span><\/p>\n<p><span class=\"text1noticias\">-2.Thibaut Pinot (FRA\/Francaise) mismo tiempo.<\/span><\/p>\n<p><span class=\"text1noticias\"> <\/span><\/p>\n<p><span class=\"text1noticias\">-3.Rohan Dennis (AUS\/BMC) m.t.<\/span><\/p>\n<p><span class=\"text1noticias\"> <\/span><\/p>\n<p><span class=\"text1noticias\">-4.Luis Le\u00f3n Sanchez (ESP\/Astana) m.t.<\/span><\/p>\n<p><span class=\"text1noticias\"> <\/span><\/p>\n<p><span class=\"text1noticias\">-5.Jos\u00e9 Mendes (POR\/Bora) m.t.<\/span><\/p>\n<p><span class=\"text1noticias\"> <\/span><\/p>\n<p><span class=\"text1noticias\">-6.Damiano Caruso (ITA\/BMC) m.t.<\/span><\/p>\n<p><span class=\"text1noticias\"> <\/span><\/p>\n<p><span class=\"text1noticias\">-7.Lawrence Warbasse (USA\/Aqua Blue) m.t.<\/span><\/p>\n<p><span class=\"text1noticias\"> <\/span><\/p>\n<p><span class=\"text1noticias\">-8.Iuri Filosi (ITA\/Nippo) m.t.<\/span><\/p>\n<p><span class=\"text1noticias\"> <\/span><\/p>\n<p><span class=\"text1noticias\">-9.Matteo Busato (ITA\/Wilier) m.t.<\/span><\/p>\n<p><span class=\"text1noticias\"> <\/span><\/p>\n<p><span class=\"text1noticias\">-10.Davide Villella (ITA\/Cannondale) m.t.<\/span><\/p>\n<p><span class=\"text1noticias\"> <\/span><\/p>\n<p><span class=\"text1noticias\">&#8212; <\/span><\/p>\n<p><span class=\"text1noticias\"> <\/span><\/p>\n<p><span class=\"text1noticias\">Clasificaci\u00f3n general: <\/span><\/p>\n<p><span class=\"text1noticias\"> <\/span><\/p>\n<p><span class=\"text1noticias\">-1.Geraint Thomas (GBR\/Sky) 15:36.40 h.<\/span><\/p>\n<p><span class=\"text1noticias\"> <\/span><\/p>\n<p><span class=\"text1noticias\">-2.Thibaut Pinot (FRA\/Francaise) a 13 segundos.<\/span><\/p>\n<p><span class=\"text1noticias\"> <\/span><\/p>\n<p><span class=\"text1noticias\">-3.Domenico Pozzovivo (ITA\/AG2R) a 16.<\/span><\/p>\n<p><span class=\"text1noticias\"> <\/span><\/p>\n<p><span class=\"text1noticias\">-4.Michele Scarponi (ITA\/Astana) a 21.<\/span><\/p>\n<p><span class=\"text1noticias\"> <\/span><\/p>\n<p><span class=\"text1noticias\">-5.Davide Formolo (ITA\/Cannondale) a 31.<\/span><\/p>\n<p><span class=\"text1noticias\"> <\/span><\/p>\n<p><span class=\"text1noticias\">-6.Mikel Landa (ESP\/Sky) a 26.<\/span><\/p>\n<p><span class=\"text1noticias\"> <\/span><\/p>\n<p><span class=\"text1noticias\">-7.Hugh Carthy (GBR\/Cannondale) a 39.<\/span><\/p>\n<p><span class=\"text1noticias\"> <\/span><\/p>\n<p><span class=\"text1noticias\">-8.Damiano Caruso (ITA\/BMC) a 42.<\/span><\/p>\n<p><span class=\"text1noticias\"> <\/span><\/p>\n<p><span class=\"text1noticias\">-9.Pierre Rolland (FRA\/Cannondale) a 46.<\/span><\/p>\n<p><span class=\"text1noticias\"> <\/span><\/p>\n<p><span class=\"text1noticias\">-10.Dani<\/span>lo Celano (ITA\/Italia) a 48.<\/p>\n<h6> 2017-04-20 15:06:12 <\/h6>\n<p><!--\n<link rel=\"stylesheet\" href=\"css\/bootstrap.min.css\">\n\n\n<ul class=\"pagination\">\n\t    \n\t\n\n<li >\n\t<a href='?page_no=9040'>Previous<\/a>\n\t<\/li>\n\n\n       \n    \n\n<li><a href='?page_no=1'>1<\/a><\/li>\n\n\n\n<li><a href='?page_no=2'>2<\/a><\/li>\n\n\n\n<li><a>...<\/a><\/li>\n\n\n\n<li><a href='?page_no=9039'>9039<\/a><\/li>\n\n\n\n<li><a href='?page_no=9040'>9040<\/a><\/li>\n\n\n\n<li class='active'><a>9041<\/a><\/li>\n\n\n\n<li><a href='?page_no=9042'>9042<\/a><\/li>\n\n\n\n<li><a href='?page_no=9043'>9043<\/a><\/li>\n\n\n\n<li><a>...<\/a><\/li>\n\n\n\n<li><a href='?page_no=36618'>36618<\/a><\/li>\n\n\n\n<li><a href='?page_no=36619'>36619<\/a><\/li>\n\n    \n\t\n\n<li >\n\t<a href='?page_no=9042'>Next<\/a>\n\t<\/li>\n\n\n    \n\n<li><a href='?page_no=36619'>Last &rsaquo;&rsaquo;<\/a><\/li>\n\n<\/ul>\n\n\n--><br \/>\n<\/body><\/p>\n","protected":false},"excerpt":{"rendered":"<p>Trento, Italia, 20 abr (PL) El ciclista italiano Matteo Montaguti, del equipo AG2R, se adjudic\u00f3 hoy la cuarta y pen\u00faltima etapa del Tour de los Alpes, cuyo trayecto const\u00f3 de 165.3 kil\u00f3metros entre las localidades de Bolzano y Cles. Montaguti se adue\u00f1\u00f3 del segmento al vencer en el sprint final al franc\u00e9s Thibaut Pinot (Francaise) [&hellip;]<\/p>\n","protected":false},"author":3,"featured_media":0,"comment_status":"open","ping_status":"open","sticky":false,"template":"","format":"standard","meta":{"footnotes":""},"categories":[17],"tags":[],"class_list":["post-209772","post","type-post","status-publish","format-standard","hentry","category-deportes"],"_links":{"self":[{"href":"https:\/\/diariodominicano.com\/index.php?rest_route=\/wp\/v2\/posts\/209772","targetHints":{"allow":["GET"]}}],"collection":[{"href":"https:\/\/diariodominicano.com\/index.php?rest_route=\/wp\/v2\/posts"}],"about":[{"href":"https:\/\/diariodominicano.com\/index.php?rest_route=\/wp\/v2\/types\/post"}],"author":[{"embeddable":true,"href":"https:\/\/diariodominicano.com\/index.php?rest_route=\/wp\/v2\/users\/3"}],"replies":[{"embeddable":true,"href":"https:\/\/diariodominicano.com\/index.php?rest_route=%2Fwp%2Fv2%2Fcomments&post=209772"}],"version-history":[{"count":0,"href":"https:\/\/diariodominicano.com\/index.php?rest_route=\/wp\/v2\/posts\/209772\/revisions"}],"wp:attachment":[{"href":"https:\/\/diariodominicano.com\/index.php?rest_route=%2Fwp%2Fv2%2Fmedia&parent=209772"}],"wp:term":[{"taxonomy":"category","embeddable":true,"href":"https:\/\/diariodominicano.com\/index.php?rest_route=%2Fwp%2Fv2%2Fcategories&post=209772"},{"taxonomy":"post_tag","embeddable":true,"href":"https:\/\/diariodominicano.com\/index.php?rest_route=%2Fwp%2Fv2%2Ftags&post=209772"}],"curies":[{"name":"wp","href":"https:\/\/api.w.org\/{rel}","templated":true}]}}